{"id":28098,"date":"2025-05-12T12:16:23","date_gmt":"2025-05-12T09:16:23","guid":{"rendered":"https:\/\/www.egemtv.com\/?p=28098"},"modified":"2025-05-12T12:16:27","modified_gmt":"2025-05-12T09:16:27","slug":"maskiden-salihliye-kesintisiz-su-ulastirmak-icin-onemli-yatirim","status":"publish","type":"post","link":"https:\/\/www.egemtv.com\/?p=28098","title":{"rendered":"MASK\u0130\u2019den Salihli\u2019ye kesintisiz su ula\u015ft\u0131rmak i\u00e7in \u00f6nemli yat\u0131r\u0131m"},"content":{"rendered":"<p>Manisa B\u00fcy\u00fck\u015fehir Belediyesi Manisa Su ve Kanalizasyon \u0130daresi (MASK\u0130) Genel M\u00fcd\u00fcrl\u00fc\u011f\u00fc, 91 milyon TL yat\u0131r\u0131mla hayata ge\u00e7irilen Salihli il\u00e7e merkezine su verilen eski asbestli i\u00e7me suyu isale hatt\u0131 d\u00f6\u015feme \u00e7al\u0131\u015fmas\u0131nda sona yakla\u015ft\u0131. \u00c7al\u0131\u015fmalarda 40 y\u0131l \u00f6nce yap\u0131lan eski vana sistemleri de yenileniyor.<br \/>\n<br \/>MASK\u0130 Genel M\u00fcd\u00fcrl\u00fc\u011f\u00fc, il genelinde altyap\u0131 seferberli\u011fine devam ediyor. Bu kapsamda, Salihli merkeze su ta\u015f\u0131nan eski hatt\u0131n yerine 7 kilometre \u00e7elik i\u00e7me suyu isale hatt\u0131 d\u00f6\u015feniyor. Son a\u015famaya gelinen \u00e7al\u0131\u015fma kapsam\u0131nda 40 y\u0131l \u00f6nce yap\u0131lan vana sistemi de yenileniyor. Ekonomik \u00f6mr\u00fcn\u00fc tamamlayan eski vanalar ile mevcut hatta ya\u015fanan sorunlar\u0131n da modernizasyonu sa\u011flan\u0131rken Salihli\u2019ye daha kesintisiz ve sa\u011fl\u0131kl\u0131 su ula\u015ft\u0131rmak i\u00e7in yap\u0131lan \u00e7al\u0131\u015fmalar s\u0131ras\u0131nda k\u0131sa s\u00fcreli su kesintisi ya\u015fand\u0131.<br \/>\n<br \/>MASK\u0130 taraf\u0131ndan yap\u0131lan a\u00e7\u0131klamada, y\u0131llar\u0131n sorunlar\u0131n\u0131 \u00e7\u00f6zmek i\u00e7in \u00e7al\u0131\u015f\u0131ld\u0131\u011f\u0131 vurgulan\u0131rken yenileme i\u015fleminin h\u0131zla tamamlanarak, \u015febekeye su verilmeye ba\u015fland\u0131\u011f\u0131 belirtildi. Ba\u015flat\u0131lan seferberlikle il genelinde diren\u00e7li ve sa\u011fl\u0131kl\u0131 bir altyap\u0131 sistemi olu\u015fturmak i\u00e7in \u00e7al\u0131\u015fmalar\u0131n kararl\u0131l\u0131kla devam edece\u011fi vurguland\u0131.<br \/><\/p>\n","protected":false},"excerpt":{"rendered":"<p>Manisa B\u00fcy\u00fck\u015fehir Belediyesi Manisa Su ve Kanalizasyon \u0130daresi (MASK\u0130) Genel M\u00fcd\u00fcrl\u00fc\u011f\u00fc, 91 milyon TL yat\u0131r\u0131mla hayata ge\u00e7irilen Salihli il\u00e7e merkezine su verilen eski asbestli i\u00e7me suyu isale hatt\u0131 d\u00f6\u015feme \u00e7al\u0131\u015fmas\u0131nda sona yakla\u015ft\u0131. \u00c7al\u0131\u015fmalarda 40 y\u0131l \u00f6nce yap\u0131lan eski vana sistemleri de yenileniyor. MASK\u0130 Genel M\u00fcd\u00fcrl\u00fc\u011f\u00fc, il genelinde altyap\u0131 seferberli\u011fine devam ediyor. Bu kapsamda, Salihli merkeze&#8230;<\/p>\n","protected":false},"author":1,"featured_media":28099,"comment_status":"open","ping_status":"open","sticky":false,"template":"","format":"standard","meta":{"_crdt_document":"","footnotes":""},"categories":[125],"tags":[],"class_list":["post-28098","post","type-post","status-publish","format-standard","has-post-thumbnail","hentry","category-ekonomi"],"_links":{"self":[{"href":"https:\/\/www.egemtv.com\/index.php?rest_route=\/wp\/v2\/posts\/28098","targetHints":{"allow":["GET"]}}],"collection":[{"href":"https:\/\/www.egemtv.com\/index.php?rest_route=\/wp\/v2\/posts"}],"about":[{"href":"https:\/\/www.egemtv.com\/index.php?rest_route=\/wp\/v2\/types\/post"}],"author":[{"embeddable":true,"href":"https:\/\/www.egemtv.com\/index.php?rest_route=\/wp\/v2\/users\/1"}],"replies":[{"embeddable":true,"href":"https:\/\/www.egemtv.com\/index.php?rest_route=%2Fwp%2Fv2%2Fcomments&post=28098"}],"version-history":[{"count":1,"href":"https:\/\/www.egemtv.com\/index.php?rest_route=\/wp\/v2\/posts\/28098\/revisions"}],"predecessor-version":[{"id":28100,"href":"https:\/\/www.egemtv.com\/index.php?rest_route=\/wp\/v2\/posts\/28098\/revisions\/28100"}],"wp:featuredmedia":[{"embeddable":true,"href":"https:\/\/www.egemtv.com\/index.php?rest_route=\/wp\/v2\/media\/28099"}],"wp:attachment":[{"href":"https:\/\/www.egemtv.com\/index.php?rest_route=%2Fwp%2Fv2%2Fmedia&parent=28098"}],"wp:term":[{"taxonomy":"category","embeddable":true,"href":"https:\/\/www.egemtv.com\/index.php?rest_route=%2Fwp%2Fv2%2Fcategories&post=28098"},{"taxonomy":"post_tag","embeddable":true,"href":"https:\/\/www.egemtv.com\/index.php?rest_route=%2Fwp%2Fv2%2Ftags&post=28098"}],"curies":[{"name":"wp","href":"https:\/\/api.w.org\/{rel}","templated":true}]}}