{"id":28095,"date":"2025-05-12T11:56:50","date_gmt":"2025-05-12T08:56:50","guid":{"rendered":"https:\/\/www.egemtv.com\/?p=28095"},"modified":"2025-05-12T11:56:59","modified_gmt":"2025-05-12T08:56:59","slug":"baskan-kahveciden-mehmet-yesile-gecmis-olsun-ziyareti","status":"publish","type":"post","link":"https:\/\/www.egemtv.com\/?p=28095","title":{"rendered":"Ba\u015fkan Kahveci\u2019den Mehmet Ye\u015fil\u2019e \u2019Ge\u00e7mi\u015f olsun\u2019 ziyareti"},"content":{"rendered":"<p>K\u00fctahya Belediye Ba\u015fkan\u0131 Ey\u00fcp Kahveci, \u015fehrin k\u00fclt\u00fcrel ve fikri hayat\u0131na uzun y\u0131llar katk\u0131 sunan Mehmet Ye\u015fil\u2019i ge\u00e7irdi\u011fi kalp krizi ve ard\u0131ndan yap\u0131lan ameliyat sonras\u0131 evinde ziyaret etti.<br \/>\n<br \/>Ziyarette ge\u00e7mi\u015f olsun dileklerini ileten Ba\u015fkan Kahveci, Mehmet Ye\u015fil\u2019in sa\u011fl\u0131\u011f\u0131na kavu\u015fmu\u015f olmas\u0131ndan duydu\u011fu memnuniyeti ifade etti. G\u00f6r\u00fc\u015fme s\u0131ras\u0131nda K\u00fctahya\u2019n\u0131n geli\u015fimi \u00fczerine yap\u0131lan sohbetin kendisi i\u00e7in k\u0131ymetli oldu\u011funu vurgulayan Ba\u015fkan Kahveci, &#8220;Tecr\u00fcbeleriniz ve fikirleriniz bizim i\u00e7in yol g\u00f6stericidir&#8221; dedi.<br \/>\n<br \/>Ba\u015fkan Kahveci, Mehmet Ye\u015fil\u2019e sa\u011fl\u0131kl\u0131 ve huzurlu bir \u00f6m\u00fcr temennisinde bulunurken, ge\u00e7mi\u015fe ve ge\u00e7mi\u015fte de\u011fer \u00fcreten isimlere vefa g\u00f6stermenin \u00f6nemine de dikkat \u00e7ekti.<br \/><\/p>\n","protected":false},"excerpt":{"rendered":"<p>K\u00fctahya Belediye Ba\u015fkan\u0131 Ey\u00fcp Kahveci, \u015fehrin k\u00fclt\u00fcrel ve fikri hayat\u0131na uzun y\u0131llar katk\u0131 sunan Mehmet Ye\u015fil\u2019i ge\u00e7irdi\u011fi kalp krizi ve ard\u0131ndan yap\u0131lan ameliyat sonras\u0131 evinde ziyaret etti. Ziyarette ge\u00e7mi\u015f olsun dileklerini ileten Ba\u015fkan Kahveci, Mehmet Ye\u015fil\u2019in sa\u011fl\u0131\u011f\u0131na kavu\u015fmu\u015f olmas\u0131ndan duydu\u011fu memnuniyeti ifade etti. G\u00f6r\u00fc\u015fme s\u0131ras\u0131nda K\u00fctahya\u2019n\u0131n geli\u015fimi \u00fczerine yap\u0131lan sohbetin kendisi i\u00e7in k\u0131ymetli oldu\u011funu vurgulayan&#8230;<\/p>\n","protected":false},"author":1,"featured_media":28096,"comment_status":"open","ping_status":"open","sticky":false,"template":"","format":"standard","meta":{"_crdt_document":"","footnotes":""},"categories":[123],"tags":[],"class_list":["post-28095","post","type-post","status-publish","format-standard","has-post-thumbnail","hentry","category-gundem"],"_links":{"self":[{"href":"https:\/\/www.egemtv.com\/index.php?rest_route=\/wp\/v2\/posts\/28095","targetHints":{"allow":["GET"]}}],"collection":[{"href":"https:\/\/www.egemtv.com\/index.php?rest_route=\/wp\/v2\/posts"}],"about":[{"href":"https:\/\/www.egemtv.com\/index.php?rest_route=\/wp\/v2\/types\/post"}],"author":[{"embeddable":true,"href":"https:\/\/www.egemtv.com\/index.php?rest_route=\/wp\/v2\/users\/1"}],"replies":[{"embeddable":true,"href":"https:\/\/www.egemtv.com\/index.php?rest_route=%2Fwp%2Fv2%2Fcomments&post=28095"}],"version-history":[{"count":1,"href":"https:\/\/www.egemtv.com\/index.php?rest_route=\/wp\/v2\/posts\/28095\/revisions"}],"predecessor-version":[{"id":28097,"href":"https:\/\/www.egemtv.com\/index.php?rest_route=\/wp\/v2\/posts\/28095\/revisions\/28097"}],"wp:featuredmedia":[{"embeddable":true,"href":"https:\/\/www.egemtv.com\/index.php?rest_route=\/wp\/v2\/media\/28096"}],"wp:attachment":[{"href":"https:\/\/www.egemtv.com\/index.php?rest_route=%2Fwp%2Fv2%2Fmedia&parent=28095"}],"wp:term":[{"taxonomy":"category","embeddable":true,"href":"https:\/\/www.egemtv.com\/index.php?rest_route=%2Fwp%2Fv2%2Fcategories&post=28095"},{"taxonomy":"post_tag","embeddable":true,"href":"https:\/\/www.egemtv.com\/index.php?rest_route=%2Fwp%2Fv2%2Ftags&post=28095"}],"curies":[{"name":"wp","href":"https:\/\/api.w.org\/{rel}","templated":true}]}}