{"id":28031,"date":"2025-05-12T09:56:42","date_gmt":"2025-05-12T06:56:42","guid":{"rendered":"https:\/\/www.egemtv.com\/?p=28031"},"modified":"2025-05-12T09:56:45","modified_gmt":"2025-05-12T06:56:45","slug":"karaburunda-hayalet-aglar-toplandi","status":"publish","type":"post","link":"https:\/\/www.egemtv.com\/?p=28031","title":{"rendered":"Karaburun\u2019da hayalet a\u011flar topland\u0131"},"content":{"rendered":"<p>\u0130zmir \u0130l Tar\u0131m ve Orman M\u00fcd\u00fcrl\u00fc\u011f\u00fc koordinasyonunda \u0130zmir \u0130l Jandarma Komutanl\u0131\u011f\u0131 Sualt\u0131 Arama Kurtarma Timi kat\u0131l\u0131m\u0131yla Karaburun a\u00e7\u0131klar\u0131nda hayalet a\u011f temizli\u011fi yap\u0131ld\u0131. Etkinlik kapsam\u0131nda deniz dibinden yakla\u015f\u0131k 1,5 ton terk edilmi\u015f bal\u0131k a\u011f\u0131 \u00e7\u0131kar\u0131ld\u0131.<br \/>\n<br \/>&#8220;Hayalet a\u011f&#8221; olarak adland\u0131r\u0131lan terk edilmi\u015f a\u011flar, uzun y\u0131llar boyunca deniz canl\u0131lar\u0131 i\u00e7in \u00f6l\u00fcmc\u00fcl tuzaklara d\u00f6n\u00fc\u015febiliyor. Bal\u0131klar, deniz kaplumba\u011falar\u0131 ve di\u011fer canl\u0131lar, bu a\u011flara tak\u0131larak hayat\u0131n\u0131 kaybediyor. Ayr\u0131ca bu a\u011flar, deniz taban\u0131ndaki ekosistemi tahrip ediyor ve s\u00fcrd\u00fcr\u00fclebilir bal\u0131k\u00e7\u0131l\u0131\u011f\u0131 tehdit ediyor. \u0130zmir \u0130l Tar\u0131m ve Orman M\u00fcd\u00fcrl\u00fc\u011f\u00fc koordinasyonunda \u0130zmir \u0130l Jandarma Komutanl\u0131\u011f\u0131 Sualt\u0131 Arama Kurtarma Timi kat\u0131l\u0131m\u0131yla Karaburun a\u00e7\u0131klar\u0131nda hayalet a\u011f temizli\u011fi \u00e7al\u0131\u015fmas\u0131 yap\u0131ld\u0131. Ekipler, deniz dibinden yakla\u015f\u0131k 1,5 ton terk edilmi\u015f bal\u0131k a\u011f\u0131 \u00e7\u0131kard\u0131.<br \/>\n<br \/>\u0130zmir \u0130l Tar\u0131m ve Orman M\u00fcd\u00fcr\u00fc Mustafa Sahin yapt\u0131\u011f\u0131 a\u00e7\u0131klamada; bu \u00e7al\u0131\u015fman\u0131n yaln\u0131zca bir temizlik de\u011fil, ayn\u0131 zamanda fark\u0131ndal\u0131k olu\u015fturma amac\u0131 ta\u015f\u0131d\u0131\u011f\u0131n\u0131 belirtti. &#8220;Hayalet a\u011flar hem \u00e7evre hem de ekonomi a\u00e7\u0131s\u0131ndan ciddi riskler olu\u015fturuyor. Bu temizlik \u00e7al\u0131\u015fmalar\u0131n\u0131 t\u00fcm k\u0131y\u0131lar\u0131m\u0131zda s\u00fcrd\u00fcrece\u011fiz&#8221; dedi. Mustafa \u015eahin ayr\u0131ca bal\u0131k\u00e7\u0131lar\u0131n a\u011flar\u0131n\u0131 denize terk etmemeleri konusunda uyar\u0131larda bulunarak, s\u00fcrd\u00fcr\u00fclebilir bal\u0131k\u00e7\u0131l\u0131k i\u00e7in herkesin sorumluluk almas\u0131 gerekti\u011fini vurgulad\u0131.<br \/><\/p>\n","protected":false},"excerpt":{"rendered":"<p>\u0130zmir \u0130l Tar\u0131m ve Orman M\u00fcd\u00fcrl\u00fc\u011f\u00fc koordinasyonunda \u0130zmir \u0130l Jandarma Komutanl\u0131\u011f\u0131 Sualt\u0131 Arama Kurtarma Timi kat\u0131l\u0131m\u0131yla Karaburun a\u00e7\u0131klar\u0131nda hayalet a\u011f temizli\u011fi yap\u0131ld\u0131. Etkinlik kapsam\u0131nda deniz dibinden yakla\u015f\u0131k 1,5 ton terk edilmi\u015f bal\u0131k a\u011f\u0131 \u00e7\u0131kar\u0131ld\u0131. &#8220;Hayalet a\u011f&#8221; olarak adland\u0131r\u0131lan terk edilmi\u015f a\u011flar, uzun y\u0131llar boyunca deniz canl\u0131lar\u0131 i\u00e7in \u00f6l\u00fcmc\u00fcl tuzaklara d\u00f6n\u00fc\u015febiliyor. Bal\u0131klar, deniz kaplumba\u011falar\u0131 ve di\u011fer&#8230;<\/p>\n","protected":false},"author":1,"featured_media":28032,"comment_status":"open","ping_status":"open","sticky":false,"template":"","format":"standard","meta":{"_crdt_document":"","footnotes":""},"categories":[1],"tags":[],"class_list":["post-28031","post","type-post","status-publish","format-standard","has-post-thumbnail","hentry","category-guncel"],"_links":{"self":[{"href":"https:\/\/www.egemtv.com\/index.php?rest_route=\/wp\/v2\/posts\/28031","targetHints":{"allow":["GET"]}}],"collection":[{"href":"https:\/\/www.egemtv.com\/index.php?rest_route=\/wp\/v2\/posts"}],"about":[{"href":"https:\/\/www.egemtv.com\/index.php?rest_route=\/wp\/v2\/types\/post"}],"author":[{"embeddable":true,"href":"https:\/\/www.egemtv.com\/index.php?rest_route=\/wp\/v2\/users\/1"}],"replies":[{"embeddable":true,"href":"https:\/\/www.egemtv.com\/index.php?rest_route=%2Fwp%2Fv2%2Fcomments&post=28031"}],"version-history":[{"count":1,"href":"https:\/\/www.egemtv.com\/index.php?rest_route=\/wp\/v2\/posts\/28031\/revisions"}],"predecessor-version":[{"id":28033,"href":"https:\/\/www.egemtv.com\/index.php?rest_route=\/wp\/v2\/posts\/28031\/revisions\/28033"}],"wp:featuredmedia":[{"embeddable":true,"href":"https:\/\/www.egemtv.com\/index.php?rest_route=\/wp\/v2\/media\/28032"}],"wp:attachment":[{"href":"https:\/\/www.egemtv.com\/index.php?rest_route=%2Fwp%2Fv2%2Fmedia&parent=28031"}],"wp:term":[{"taxonomy":"category","embeddable":true,"href":"https:\/\/www.egemtv.com\/index.php?rest_route=%2Fwp%2Fv2%2Fcategories&post=28031"},{"taxonomy":"post_tag","embeddable":true,"href":"https:\/\/www.egemtv.com\/index.php?rest_route=%2Fwp%2Fv2%2Ftags&post=28031"}],"curies":[{"name":"wp","href":"https:\/\/api.w.org\/{rel}","templated":true}]}}