{"id":28028,"date":"2025-05-12T09:56:38","date_gmt":"2025-05-12T06:56:38","guid":{"rendered":"https:\/\/www.egemtv.com\/?p=28028"},"modified":"2025-05-12T09:56:42","modified_gmt":"2025-05-12T06:56:42","slug":"bati-anadolu-sirketler-toplulugunda-yeniden-yapilanma-hamlesi","status":"publish","type":"post","link":"https:\/\/www.egemtv.com\/?p=28028","title":{"rendered":"Bat\u0131 Anadolu \u015eirketler Toplulu\u011fu\u2019nda yeniden yap\u0131lanma hamlesi"},"content":{"rendered":"<p>Ege B\u00f6lgesi\u2019nin k\u00f6kl\u00fc sanayi kurulu\u015flar\u0131ndan Bat\u0131 Anadolu \u015eirketler Toplulu\u011fu, ihracat pazarlar\u0131nda rekabet g\u00fcc\u00fcn\u00fc art\u0131rmak, pazar dinamiklerine h\u0131zl\u0131 adapte olabilmek i\u00e7in stratejik d\u00f6n\u00fc\u015f\u00fcm s\u00fcrecini ba\u015flatt\u0131. Grup, gelecek be\u015f y\u0131l i\u00e7inde ana faaliyet alanlar\u0131nda 500 milyon dolarl\u0131k ciro hedefliyor.<\/p>\n<p>\u0130zmir\u2019in en k\u00f6kl\u00fc sanayi gruplar\u0131ndan Bat\u0131 Anadolu \u015eirketler Toplulu\u011fu, yeniden yap\u0131lanma karar\u0131 alarak hem b\u00f6lge hem \u00fclke ekonomisine katk\u0131s\u0131n\u0131 art\u0131rmay\u0131 hedefliyor. Borsa \u0130stanbul\u2019un en eski \u015firketlerinden Bat\u0131\u00e7im Bat\u0131 Anadolu ve Bat\u0131s\u00f6ke \u00c7imento yeniden yap\u0131lanma karar\u0131 do\u011frultusunda stratejik bir d\u00f6n\u00fc\u015f\u00fcm s\u00fcreci ba\u015flatt\u0131. B\u00f6lgesinin ta\u015f\u0131y\u0131c\u0131 g\u00fcc\u00fc olan grup \u015firketlerinin yeniden yap\u0131lanma s\u00fcreci \u00e7imento \u00fcretim faaliyetlerinin tek \u00e7at\u0131 alt\u0131nda birle\u015ftirilmesi, ticaret \u00fcnvanlar\u0131nda de\u011fi\u015fikli\u011fe gidilmesi ve gayrimenkul projelerinin geli\u015ftirilmesi \u015feklinde \u00fc\u00e7 temel ad\u0131mdan olu\u015fuyor. \u00dcnvan de\u011fi\u015fikli\u011fi ile birlikte Borsa \u0130stanbul\u2019da kullan\u0131lan hisse kodu da g\u00fcncellenecek.<br \/>\n<br \/>Yeniden yap\u0131lanmayla birlikte \u00f6zellikle \u00e7imento faaliyetlerinin tek \u00e7at\u0131 alt\u0131nda toplanarak daha \u00e7evik, daha etkin ve daha k\u00e2rl\u0131 bir \u015fekilde y\u00f6netilmesine imk\u00e2n sa\u011flan\u0131rken, Bat\u0131s\u00f6ke \u00c7imento toplam y\u0131ll\u0131k 5.8 milyon ton kapasite ile sekt\u00f6r\u00fcnde Ege B\u00f6lgesi\u2019nin en b\u00fcy\u00fc\u011f\u00fc haline gelecek.<br \/>\n<br \/>2021 y\u0131l\u0131nda ya\u015fanan hissedar ve y\u00f6netim de\u011fi\u015fimi sonras\u0131nda mali tablosunu g\u00fc\u00e7lendirdiklerini ve yeni yat\u0131r\u0131mlar\u0131 g\u00fcndeme ald\u0131klar\u0131n\u0131 belirten Bat\u0131 Anadolu \u015eirketler Toplulu\u011fu Y\u00f6netim Kurulu Ba\u015fkan Vekili G\u00fclant Canda\u015f, &#8220;Yurt d\u0131\u015f\u0131 ve yurt i\u00e7i pazar dinamiklerindeki de\u011fi\u015fimlere h\u0131zla adapte olabilmek, grup \u015firketlerimizin faaliyet alan\u0131ndaki rekabet g\u00fcc\u00fcn\u00fc art\u0131rmak ve \u00f6l\u00e7ek ekonomisinden faydalanmak i\u00e7in stratejik karar ald\u0131k. Yeniden yap\u0131lanma grubumuzun organizasyonel verimlili\u011fini art\u0131r\u0131rken, operasyonlar\u0131m\u0131z\u0131n yal\u0131nla\u015ft\u0131r\u0131lmas\u0131n\u0131 ve daha g\u00fc\u00e7l\u00fc bir finansal yap\u0131 in\u015fa etmemizi sa\u011flayacak&#8221; dedi.<br \/>\n<br \/>\u00dcnvanlar de\u011fi\u015fecek, ihracat artacak<br \/>\n<br \/>Yap\u0131lan a\u00e7\u0131klamaya g\u00f6re topluluk, \u00e7imento faaliyetlerini Bat\u0131s\u00f6ke \u00c7imento\u2019nun \u00e7at\u0131s\u0131 alt\u0131nda toplamay\u0131 planlarken, Bat\u0131\u00e7im Bat\u0131 Anadolu \u00c7imento Sanayii A.\u015e. bir holding \u015firketi olarak konumlanacak.  Yeniden yap\u0131lanma s\u00fcrecinin tamamlanmas\u0131 sonras\u0131 Bat\u0131\u00e7im\u2019in \u00fcnvan\u0131 \u2018Bat\u0131\u00e7im Bat\u0131 Anadolu A.\u015e.\u2019 olacak. Bat\u0131s\u00f6ke ise \u2018Bat\u0131\u00e7im \u00c7imento Sanayi T\u00fcrk A.\u015e.\u2019 \u00fcnvan\u0131n\u0131 kullanacak.<br \/>\n<br \/>Bat\u0131s\u00f6ke \u00c7imento\u2019nun mevcut fabrikas\u0131n\u0131n kapasitesinin y\u0131ll\u0131k yakla\u015f\u0131k 4 milyon ton oldu\u011funu belirten Canda\u015f, \u015funlar\u0131 s\u00f6yledi: &#8220;Bat\u0131s\u00f6ke, Bat\u0131\u00e7im\u2019e ait Bornova\u2019daki y\u0131ll\u0131k 1.8 milyon tonluk kapasiteli fabrikay\u0131 ve Bat\u0131liman\u2019\u0131n Alia\u011fa\u2019daki arazisinde kuraca\u011f\u0131m\u0131z yeni 3,5 milyon ton\/y\u0131l kapasiteli \u00e7imento \u00f6\u011f\u00fctme ve paketleme tesisini kiralayacak. B\u00f6ylece Bat\u0131s\u00f6ke, kapasite a\u00e7\u0131s\u0131ndan Ege B\u00f6lgesi\u2019nin en b\u00fcy\u00fck \u015firketi olacak. Limana yak\u0131n tesislerimiz sayesinde \u015fu anda y\u00fczde 20 olan \u00e7imento ihra\u00e7 oran\u0131m\u0131z y\u00fczde 40-45 seviyelerine \u00e7\u0131kacak. Fabrikalar\u0131m\u0131z\u0131n limanlara yak\u0131nl\u0131\u011f\u0131 Akdeniz havzas\u0131 ve Atlantik Okyanusu hatt\u0131ndaki pazarlarda bize rekabet avantaj\u0131 sa\u011fl\u0131yor. Alia\u011fa\u2019daki yat\u0131r\u0131m\u0131m\u0131z tamamlan\u0131nca \u00e7imento ihracat\u0131 a\u00e7\u0131s\u0131ndan lojistik avantaj sa\u011flanacak, navlun maliyetleri minimize edilecek ve global pazarlara eri\u015fim i\u00e7in \u00e7ok daha rekabet\u00e7i hale gelece\u011fiz. Amerika, Avrupa ve Afrika k\u0131tas\u0131nda 20\u2019yi a\u015fk\u0131n \u00fclkeye ihracat ger\u00e7ekle\u015ftiriyoruz. Ge\u00e7en y\u0131l grup olarak toplam \u00e7imento ve klinker ihracat\u0131m\u0131z yakla\u015f\u0131k 1 milyon 450 bin ton oldu.&#8221;<br \/>\n<br \/>Gayrimenkul projeleri geli\u015ftirecek<br \/>\n<br \/>\u00c7imento \u00fcretimi ve \u00fcnvan de\u011fi\u015fikli\u011fiyle birlikte grubun stratejik d\u00f6n\u00fc\u015f\u00fcm\u00fcnde \u00fc\u00e7\u00fcnc\u00fc ad\u0131m\u0131 ise gayrimenkul ile yeni bir sekt\u00f6re giri\u015f yer al\u0131yor. Bat\u0131\u00e7im taraf\u0131ndan geli\u015ftirilecek yeni i\u015f modeli do\u011frultusunda, \u015firketin elindeki ta\u015f\u0131nmazlar de\u011ferlendirilecek.<br \/>\n<br \/>Bu kapsamda \u0130zmir Bornova\u2019daki yakla\u015f\u0131k 700 d\u00f6n\u00fcml\u00fck fabrika arsas\u0131, Erzene Mahallesi\u2019nde yer alan 180 d\u00f6n\u00fcml\u00fck araziler ile birlikte bir\u00e7ok ba\u015fka de\u011ferli gayrimenkuller kullan\u0131lacak. Bu arazilerin projeler geli\u015ftirilebilmesi amac\u0131yla gayrimenkul yat\u0131r\u0131m fonlar\u0131na devredilece\u011fini belirten Canda\u015f, SPK\u2019ya ba\u015fvurular\u0131n yap\u0131ld\u0131\u011f\u0131n\u0131 ve onay sonras\u0131nda i\u015flemlerin Genel Kurul\u2019a sunulaca\u011f\u0131n\u0131 s\u00f6yledi.<br \/>\n<br \/>SPK taraf\u0131ndan yetkilendirilmi\u015f de\u011ferleme kurulu\u015flar\u0131n\u0131n raporlar\u0131 do\u011frultusunda gayrimenkullerin de\u011ferlerinin belirlenece\u011fini belirten Canda\u015f, &#8220;Portf\u00f6y y\u00f6netim \u015firketi taraf\u0131ndan kurulacak fonlara devredilecek bu ta\u015f\u0131nmazlar \u00fczerinde geli\u015ftirilecek projelerle \u015firketin, \u00fcretim d\u0131\u015f\u0131ndaki ta\u015f\u0131nmaz gelirlerinden faydalanmas\u0131n\u0131 ama\u00e7l\u0131yoruz. Ayr\u0131ca edinilecek fon kat\u0131l\u0131m belgelerinin \u00fc\u00e7\u00fcnc\u00fc ki\u015filere teminat olarak g\u00f6sterilmesi ya da iadesi gibi tasarruf haklar\u0131 da \u015firketin elinde olacak&#8221; diye konu\u015ftu.<br \/>\n<br \/>Grup \u015firketlerini halka a\u00e7may\u0131 planl\u0131yor<br \/>\n<br \/>Yeniden yap\u0131lanma sayesinde Bat\u0131\u00e7im\u2019in sermaye piyasalar\u0131n\u0131n sundu\u011fu yeni enstr\u00fcmanlara daha yak\u0131n hale gelmesi bekleniyor. Grup ayr\u0131ca di\u011fer i\u015ftiraklerini de halka a\u00e7may\u0131 planl\u0131yor. Bat\u0131liman\u2019\u0131n halka arz\u0131 i\u00e7in SPK\u2019ya ba\u015fvuru yapt\u0131klar\u0131n\u0131 belirten Canda\u015f, &#8220;Bat\u0131liman\u2019\u0131n halka arz\u0131 i\u00e7in \u00e7al\u0131\u015fmalar\u0131m\u0131z\u0131 s\u00fcrd\u00fcr\u00fcyoruz. Grubun gelecek planlar\u0131 i\u00e7inde Bat\u0131liman\u2019\u0131n \u00f6nemli bir yeri var. B\u00fcy\u00fcmeye a\u00e7\u0131k bir \u015firket ve cirosunun y\u00fczde 80\u2019ini grup d\u0131\u015f\u0131 \u015firketlerden sa\u011fl\u0131yor. Liman\u0131n derinli\u011fi b\u00fcy\u00fck gemilere uygun. Limana vin\u00e7 yat\u0131r\u0131m\u0131 ve yeni depo elemanlar\u0131 eklemeyi, r\u0131ht\u0131mla iskele aras\u0131ndaki bo\u015flu\u011fu doldurmay\u0131 planl\u0131yoruz. Bat\u0131liman i\u00e7in SPK\u2019dan gerekli izinlerin al\u0131nmas\u0131 ve halka arz\u0131n\u0131n ger\u00e7ekle\u015fmesinden sonra di\u011fer grup \u015firketimiz Bat\u0131beton\u2019u da halka a\u00e7may\u0131 planl\u0131yoruz&#8221; diye konu\u015ftu.<br \/>\n<br \/>\u0130\u015f birlikleri, ortak projeler ve sekt\u00f6rel \u00e7e\u015fitlilik anlam\u0131nda yeni f\u0131rsatlar\u0131n da kap\u0131s\u0131n\u0131 aralayacak \u015firket, bu ad\u0131m ile yat\u0131r\u0131mc\u0131lar\u0131n \u00e7\u0131karlar\u0131n\u0131 g\u00f6zeterek gelecekteki b\u00fcy\u00fcme ad\u0131mlar\u0131 i\u00e7in stratejik bir kald\u0131ra\u00e7 i\u015flevi g\u00f6rmeyi hedefliyor.<br \/>\n<br \/>T\u00fcrk \u00e7imentosunun bayra\u011f\u0131 daha g\u00fc\u00e7l\u00fc dalgalanacak<br \/>\n<br \/>De\u011fi\u015fen d\u00fcnya dinamiklerine ayak uydurman\u0131n, yaln\u0131zca b\u00fcy\u00fcmek i\u00e7in de\u011fil, kal\u0131c\u0131 bir iz b\u0131rakmak i\u00e7in gerekli oldu\u011funu s\u00f6yleyen Bat\u0131 Anadolu \u015eirketler Toplulu\u011fu Y\u00f6netim Kurulu Ba\u015fkan Vekili G\u00fclant Canda\u015f, yeniden yap\u0131lanma s\u00fcrecine ili\u015fkin \u015fu ifadeleri kulland\u0131:<br \/>\n<br \/>&#8220;K\u00f6kl\u00fc bir sanayi gelene\u011fini yenilik\u00e7i bir vizyonla bulu\u015fturuyoruz. Operasyonel yap\u0131lanmam\u0131z\u0131 sadele\u015ftirirken, k\u00fcresel pazarlarda T\u00fcrkiye\u2019nin \u00fcretim g\u00fcc\u00fcn\u00fc daha etkin temsil edecek ad\u0131mlar at\u0131yoruz. Kaynaklar\u0131m\u0131z\u0131 tek bir \u00e7at\u0131da toplamak hem verimlilik hem de sinerji ve inovasyon anlam\u0131nda \u00f6nem ta\u015f\u0131yor. Bu hamle, m\u00fc\u015fterilerimize daha h\u0131zl\u0131 ula\u015fmam\u0131z\u0131, \u00fcretimde esnekli\u011fimizi art\u0131rmam\u0131z\u0131 ve s\u00fcrd\u00fcr\u00fclebilirli\u011fi t\u00fcm s\u00fcre\u00e7lerin merkezine yerle\u015ftirmemizi sa\u011flayacak. Lojistik avantajlar\u0131m\u0131z\u0131 bir kald\u0131ra\u00e7 gibi kullanarak, Akdeniz\u2019den Atlantik\u2019e uzanan co\u011frafyada T\u00fcrk \u00e7imentosunun bayra\u011f\u0131n\u0131 daha da g\u00fc\u00e7l\u00fc bir \u015fekilde dalgaland\u0131rmaya devam edece\u011fiz. Bu d\u00f6n\u00fc\u015f\u00fcm, ge\u00e7mi\u015fin deneyimiyle gelece\u011fin cesaretini birle\u015ftiren bir yolculuk. Amac\u0131m\u0131z, yaln\u0131zca \u015firketimiz i\u00e7in de\u011fil, b\u00f6lgemizin kalk\u0131nmas\u0131 ve \u00fclke ekonomisi i\u00e7in de katma de\u011ferli bir miras b\u0131rakmak. \u0130nan\u0131yorum ki att\u0131\u011f\u0131m\u0131z her ad\u0131m, T\u00fcrkiye\u2019nin sanayideki iddias\u0131n\u0131 g\u00fc\u00e7lendirecek.&#8221;<br \/><\/p>\n","protected":false},"excerpt":{"rendered":"<p>Ege B\u00f6lgesi\u2019nin k\u00f6kl\u00fc sanayi kurulu\u015flar\u0131ndan Bat\u0131 Anadolu \u015eirketler Toplulu\u011fu, ihracat pazarlar\u0131nda rekabet g\u00fcc\u00fcn\u00fc art\u0131rmak, pazar dinamiklerine h\u0131zl\u0131 adapte olabilmek i\u00e7in stratejik d\u00f6n\u00fc\u015f\u00fcm s\u00fcrecini ba\u015flatt\u0131. Grup, gelecek be\u015f y\u0131l i\u00e7inde ana faaliyet alanlar\u0131nda 500 milyon dolarl\u0131k ciro hedefliyor. \u0130zmir\u2019in en k\u00f6kl\u00fc sanayi gruplar\u0131ndan Bat\u0131 Anadolu \u015eirketler Toplulu\u011fu, yeniden yap\u0131lanma karar\u0131 alarak hem b\u00f6lge hem \u00fclke ekonomisine&#8230;<\/p>\n","protected":false},"author":1,"featured_media":28029,"comment_status":"open","ping_status":"open","sticky":false,"template":"","format":"standard","meta":{"_crdt_document":"","footnotes":""},"categories":[125],"tags":[],"class_list":["post-28028","post","type-post","status-publish","format-standard","has-post-thumbnail","hentry","category-ekonomi"],"_links":{"self":[{"href":"https:\/\/www.egemtv.com\/index.php?rest_route=\/wp\/v2\/posts\/28028","targetHints":{"allow":["GET"]}}],"collection":[{"href":"https:\/\/www.egemtv.com\/index.php?rest_route=\/wp\/v2\/posts"}],"about":[{"href":"https:\/\/www.egemtv.com\/index.php?rest_route=\/wp\/v2\/types\/post"}],"author":[{"embeddable":true,"href":"https:\/\/www.egemtv.com\/index.php?rest_route=\/wp\/v2\/users\/1"}],"replies":[{"embeddable":true,"href":"https:\/\/www.egemtv.com\/index.php?rest_route=%2Fwp%2Fv2%2Fcomments&post=28028"}],"version-history":[{"count":1,"href":"https:\/\/www.egemtv.com\/index.php?rest_route=\/wp\/v2\/posts\/28028\/revisions"}],"predecessor-version":[{"id":28030,"href":"https:\/\/www.egemtv.com\/index.php?rest_route=\/wp\/v2\/posts\/28028\/revisions\/28030"}],"wp:featuredmedia":[{"embeddable":true,"href":"https:\/\/www.egemtv.com\/index.php?rest_route=\/wp\/v2\/media\/28029"}],"wp:attachment":[{"href":"https:\/\/www.egemtv.com\/index.php?rest_route=%2Fwp%2Fv2%2Fmedia&parent=28028"}],"wp:term":[{"taxonomy":"category","embeddable":true,"href":"https:\/\/www.egemtv.com\/index.php?rest_route=%2Fwp%2Fv2%2Fcategories&post=28028"},{"taxonomy":"post_tag","embeddable":true,"href":"https:\/\/www.egemtv.com\/index.php?rest_route=%2Fwp%2Fv2%2Ftags&post=28028"}],"curies":[{"name":"wp","href":"https:\/\/api.w.org\/{rel}","templated":true}]}}