{"id":28025,"date":"2025-05-12T09:56:33","date_gmt":"2025-05-12T06:56:33","guid":{"rendered":"https:\/\/www.egemtv.com\/?p=28025"},"modified":"2025-05-12T09:56:38","modified_gmt":"2025-05-12T06:56:38","slug":"meb-akub-denizlinin-10-akredite-arama-kurtarma-ekibi-oldu","status":"publish","type":"post","link":"https:\/\/www.egemtv.com\/?p=28025","title":{"rendered":"MEB AKUB, Denizli\u2019nin 10. akredite arama kurtarma ekibi oldu"},"content":{"rendered":"<p>Denizli \u0130l Milli E\u011fitim M\u00fcd\u00fcrl\u00fc\u011f\u00fc Arama Kurtarma Birimi (MEB AKUB), \u0130zmir AFAD denetiminde ger\u00e7ekle\u015ftirilen akreditasyon s\u0131nav\u0131n\u0131 ba\u015far\u0131yla tamamlayarak &#8220;Hafif Seviye Kentsel Arama Kurtarma Akreditasyon&#8221; belgesini almaya hak kazand\u0131.<\/p>\n<p>Y\u00f6netim, lojistik ve arama kurtarma birimlerinden olu\u015fan MEB AKUB, \u0130zmir AFAD\u2019dan gelen komisyonun denetiminde yap\u0131lacak akreditasyon s\u0131nav\u0131na kat\u0131ld\u0131. 29 g\u00f6n\u00fcll\u00fc \u00f6\u011fretmen ve 1 hem\u015fireden olu\u015fan kahraman ekip, DESK\u0130 \u0130\u015f Sa\u011fl\u0131\u011f\u0131 ve G\u00fcvenli\u011fi E\u011fitim Parkurunda kurulan Boo kamp\u0131nda, y\u00f6netim, lojistik ve konaklama \u00e7ad\u0131rlar\u0131n\u0131 kurarak s\u0131nav s\u00fcrecine haz\u0131rland\u0131. Enkaz alan\u0131nda ger\u00e7ekle\u015ftirilen uygulamal\u0131 tatbikatta, beton k\u0131r\u0131m\u0131 yap\u0131ld\u0131; enkaz alt\u0131ndaki kazazede sedyeyle \u00e7\u0131kar\u0131larak ambulansla g\u00fcvenli alana ta\u015f\u0131nd\u0131.<\/p>\n<p>Akreditasyon s\u0131nav\u0131n\u0131 ba\u015far\u0131yla tamamlayan Denizli MEB AKUB, \u015fehrin 10. akredite arama kurtarma ekibi olma gururunu ya\u015fatarak, afetlere haz\u0131rl\u0131kta Denizli\u2019ye yeni bir g\u00fc\u00e7 daha kazand\u0131rd\u0131. Aylar s\u00fcren e\u011fitim ve tatbikat s\u00fcreci boyunca AFAD Akreditasyon Koordinat\u00f6r\u00fc Haluk Erten\u2019in ment\u00f6rl\u00fc\u011f\u00fcnde haz\u0131rlanan ekip, g\u00f6sterdi\u011fi disiplinli ve \u00f6zverili \u00e7al\u0131\u015fmayla tam not ald\u0131. Art\u0131k Denizli MEB AKUB, AFAD koordinasyonunda sahada aktif g\u00f6rev alabilecek.<\/p>\n<p>\u0130l Milli E\u011fitim M\u00fcd\u00fcr\u00fc Dr. Emre \u00c7al\u0131\u015fkan\u2019\u0131n s\u00fcrece sa\u011flad\u0131\u011f\u0131 g\u00fc\u00e7l\u00fc deste\u011fin bu ba\u015far\u0131n\u0131n en \u00f6nemli dayanaklar\u0131ndan biri oldu\u011funu belirten Ekip Lideri Tamer Esin, &#8220;Bu ba\u015far\u0131 sadece bizim de\u011fil, t\u00fcm Denizli\u2019nindir. E\u011fitimli, haz\u0131r ve kararl\u0131 bir ekibiz. Sadece afet anlar\u0131nda de\u011fil, afet \u00f6ncesi toplumun bilin\u00e7lenmesinde de aktif olmay\u0131 s\u00fcrd\u00fcrece\u011fiz. Bu b\u00fcy\u00fck ba\u015far\u0131yla birlikte Denizli, afetlere kar\u015f\u0131 daha diren\u00e7li, daha haz\u0131r ve daha g\u00fc\u00e7l\u00fc&#8221; diye konu\u015ftu.<br \/><\/p>\n","protected":false},"excerpt":{"rendered":"<p>Denizli \u0130l Milli E\u011fitim M\u00fcd\u00fcrl\u00fc\u011f\u00fc Arama Kurtarma Birimi (MEB AKUB), \u0130zmir AFAD denetiminde ger\u00e7ekle\u015ftirilen akreditasyon s\u0131nav\u0131n\u0131 ba\u015far\u0131yla tamamlayarak &#8220;Hafif Seviye Kentsel Arama Kurtarma Akreditasyon&#8221; belgesini almaya hak kazand\u0131. Y\u00f6netim, lojistik ve arama kurtarma birimlerinden olu\u015fan MEB AKUB, \u0130zmir AFAD\u2019dan gelen komisyonun denetiminde yap\u0131lacak akreditasyon s\u0131nav\u0131na kat\u0131ld\u0131. 29 g\u00f6n\u00fcll\u00fc \u00f6\u011fretmen ve 1 hem\u015fireden olu\u015fan kahraman ekip,&#8230;<\/p>\n","protected":false},"author":1,"featured_media":28026,"comment_status":"open","ping_status":"open","sticky":false,"template":"","format":"standard","meta":{"_crdt_document":"","footnotes":""},"categories":[1],"tags":[],"class_list":["post-28025","post","type-post","status-publish","format-standard","has-post-thumbnail","hentry","category-guncel"],"_links":{"self":[{"href":"https:\/\/www.egemtv.com\/index.php?rest_route=\/wp\/v2\/posts\/28025","targetHints":{"allow":["GET"]}}],"collection":[{"href":"https:\/\/www.egemtv.com\/index.php?rest_route=\/wp\/v2\/posts"}],"about":[{"href":"https:\/\/www.egemtv.com\/index.php?rest_route=\/wp\/v2\/types\/post"}],"author":[{"embeddable":true,"href":"https:\/\/www.egemtv.com\/index.php?rest_route=\/wp\/v2\/users\/1"}],"replies":[{"embeddable":true,"href":"https:\/\/www.egemtv.com\/index.php?rest_route=%2Fwp%2Fv2%2Fcomments&post=28025"}],"version-history":[{"count":1,"href":"https:\/\/www.egemtv.com\/index.php?rest_route=\/wp\/v2\/posts\/28025\/revisions"}],"predecessor-version":[{"id":28027,"href":"https:\/\/www.egemtv.com\/index.php?rest_route=\/wp\/v2\/posts\/28025\/revisions\/28027"}],"wp:featuredmedia":[{"embeddable":true,"href":"https:\/\/www.egemtv.com\/index.php?rest_route=\/wp\/v2\/media\/28026"}],"wp:attachment":[{"href":"https:\/\/www.egemtv.com\/index.php?rest_route=%2Fwp%2Fv2%2Fmedia&parent=28025"}],"wp:term":[{"taxonomy":"category","embeddable":true,"href":"https:\/\/www.egemtv.com\/index.php?rest_route=%2Fwp%2Fv2%2Fcategories&post=28025"},{"taxonomy":"post_tag","embeddable":true,"href":"https:\/\/www.egemtv.com\/index.php?rest_route=%2Fwp%2Fv2%2Ftags&post=28025"}],"curies":[{"name":"wp","href":"https:\/\/api.w.org\/{rel}","templated":true}]}}