{"id":28016,"date":"2025-05-12T09:36:56","date_gmt":"2025-05-12T06:36:56","guid":{"rendered":"https:\/\/www.egemtv.com\/?p=28016"},"modified":"2025-05-12T09:37:00","modified_gmt":"2025-05-12T06:37:00","slug":"kil-cadirda-yilsonu-etkinligi","status":"publish","type":"post","link":"https:\/\/www.egemtv.com\/?p=28016","title":{"rendered":"K\u0131l \u00e7ad\u0131rda y\u0131lsonu etkinli\u011fi"},"content":{"rendered":"<p>Denizli\u2019de Ya\u015far Saniye Gemici Anadolu Lisesi \u00f6\u011frencileri ve velileri taraf\u0131ndan haz\u0131rlanan y\u0131lsonu etkinli\u011fi, okulun bah\u00e7esinde kurulan k\u0131l \u00e7ad\u0131rda yap\u0131ld\u0131.<\/p>\n<p>Ya\u015far Saniye Gemici Anadolu Lisesi taraf\u0131ndan okul bah\u00e7esinde \u00f6\u011frencilerin ve velilerin kat\u0131l\u0131m\u0131yla y\u0131lsonu resim sergisi ve hay\u0131r etkinli\u011fi d\u00fczenlendi. Etkinlik okulun T\u00fcrkiye \u015fampiyonu halk oyunlar\u0131 ekibinin g\u00f6sterisi ile ba\u015flad\u0131. Denizli bezinden \u00fcretilen geleneksel T\u00fcrk elbiselerinin tan\u0131t\u0131ld\u0131\u011f\u0131 defile d\u00fczenlendi. \u00d6\u011frencilerin y\u0131l boyu yapt\u0131klar\u0131 resimlerin sergisi a\u00e7\u0131ld\u0131, \u00f6\u011frenci velileri taraf\u0131ndan ihtiya\u00e7 sahipleri yarar\u0131na d\u00fczenlenen hay\u0131r etkinli\u011fi d\u00fczenlendi. Etkinli\u011fe kat\u0131lan misafirlere ikramlar Denizli Efeleri ve Y\u00f6r\u00fckleri Derne\u011fi taraf\u0131ndan kurulan k\u0131l \u00e7ad\u0131rda yap\u0131ld\u0131.<\/p>\n<p>Ya\u015far Saniye Gemici Anadolu Lisesi M\u00fcd\u00fcr\u00fc Muslu Canl\u0131, etkinliklerle birlikte \u00f6\u011frencilere Denizli ve T\u00fcrk k\u00fclt\u00fcr\u00fcn\u00fc ya\u015fayarak anlatmay\u0131 hedeflediklerini belirterek; &#8220;Okul bah\u00e7emizde \u015fenlik havas\u0131nda y\u0131lsonu resim sergimizi ve hay\u0131r etkinli\u011fi d\u00fczenledik. \u00d6\u011frencilerimizin ve velilerimizin etkinli\u011fe ilgisi \u00e7ok yo\u011fundu. Okul bah\u00e7esine kurdu\u011fumuz Y\u00f6r\u00fck \u00e7ad\u0131r\u0131 da b\u00fcy\u00fck ilgi g\u00f6rd\u00fc. Denizli bezinden yap\u0131lan y\u00f6resel k\u0131yafetlerin sergilendi\u011fi defilemiz ise uzun s\u00fcre alk\u0131\u015f ald\u0131. \u00d6\u011frencilerimizin y\u0131l boyunca yapt\u0131klar\u0131 resimlerden olu\u015fan karma sergimiz ise sanatseverlerden tam not ald\u0131. \u00d6\u011frencilerimizin unutamayaca\u011f\u0131 bir y\u0131lsonu etkinli\u011fine imza att\u0131k. Bu etkinli\u011fimize destek veren \u00f6\u011fretmenlerimize, okul aile birli\u011fimize, Denizli Efeleri ve Y\u00f6r\u00fckleri Derne\u011fimize \u00e7ok te\u015fekk\u00fcr ederim. Okul bah\u00e7emizde \u00e7ocuklar\u0131m\u0131z\u0131n yeti\u015fmesine katk\u0131 sa\u011flayacak bu t\u00fcr etkinlikler d\u00fczenlemeye devam edece\u011fiz&#8221; diye konu\u015ftu.<br \/><\/p>\n","protected":false},"excerpt":{"rendered":"<p>Denizli\u2019de Ya\u015far Saniye Gemici Anadolu Lisesi \u00f6\u011frencileri ve velileri taraf\u0131ndan haz\u0131rlanan y\u0131lsonu etkinli\u011fi, okulun bah\u00e7esinde kurulan k\u0131l \u00e7ad\u0131rda yap\u0131ld\u0131. Ya\u015far Saniye Gemici Anadolu Lisesi taraf\u0131ndan okul bah\u00e7esinde \u00f6\u011frencilerin ve velilerin kat\u0131l\u0131m\u0131yla y\u0131lsonu resim sergisi ve hay\u0131r etkinli\u011fi d\u00fczenlendi. Etkinlik okulun T\u00fcrkiye \u015fampiyonu halk oyunlar\u0131 ekibinin g\u00f6sterisi ile ba\u015flad\u0131. Denizli bezinden \u00fcretilen geleneksel T\u00fcrk elbiselerinin tan\u0131t\u0131ld\u0131\u011f\u0131&#8230;<\/p>\n","protected":false},"author":1,"featured_media":28017,"comment_status":"open","ping_status":"open","sticky":false,"template":"","format":"standard","meta":{"_crdt_document":"","footnotes":""},"categories":[1],"tags":[],"class_list":["post-28016","post","type-post","status-publish","format-standard","has-post-thumbnail","hentry","category-guncel"],"_links":{"self":[{"href":"https:\/\/www.egemtv.com\/index.php?rest_route=\/wp\/v2\/posts\/28016","targetHints":{"allow":["GET"]}}],"collection":[{"href":"https:\/\/www.egemtv.com\/index.php?rest_route=\/wp\/v2\/posts"}],"about":[{"href":"https:\/\/www.egemtv.com\/index.php?rest_route=\/wp\/v2\/types\/post"}],"author":[{"embeddable":true,"href":"https:\/\/www.egemtv.com\/index.php?rest_route=\/wp\/v2\/users\/1"}],"replies":[{"embeddable":true,"href":"https:\/\/www.egemtv.com\/index.php?rest_route=%2Fwp%2Fv2%2Fcomments&post=28016"}],"version-history":[{"count":1,"href":"https:\/\/www.egemtv.com\/index.php?rest_route=\/wp\/v2\/posts\/28016\/revisions"}],"predecessor-version":[{"id":28018,"href":"https:\/\/www.egemtv.com\/index.php?rest_route=\/wp\/v2\/posts\/28016\/revisions\/28018"}],"wp:featuredmedia":[{"embeddable":true,"href":"https:\/\/www.egemtv.com\/index.php?rest_route=\/wp\/v2\/media\/28017"}],"wp:attachment":[{"href":"https:\/\/www.egemtv.com\/index.php?rest_route=%2Fwp%2Fv2%2Fmedia&parent=28016"}],"wp:term":[{"taxonomy":"category","embeddable":true,"href":"https:\/\/www.egemtv.com\/index.php?rest_route=%2Fwp%2Fv2%2Fcategories&post=28016"},{"taxonomy":"post_tag","embeddable":true,"href":"https:\/\/www.egemtv.com\/index.php?rest_route=%2Fwp%2Fv2%2Ftags&post=28016"}],"curies":[{"name":"wp","href":"https:\/\/api.w.org\/{rel}","templated":true}]}}