{"id":28013,"date":"2025-05-12T09:36:51","date_gmt":"2025-05-12T06:36:51","guid":{"rendered":"https:\/\/www.egemtv.com\/?p=28013"},"modified":"2025-05-12T09:36:55","modified_gmt":"2025-05-12T06:36:55","slug":"emekli-kutuphane-memuru-309uncu-kutuphanesini-tarihi-kayi-obasinda-kurdu","status":"publish","type":"post","link":"https:\/\/www.egemtv.com\/?p=28013","title":{"rendered":"Emekli k\u00fct\u00fcphane memuru, 309\u2019uncu k\u00fct\u00fcphanesini tarihi Kay\u0131 Obas\u0131\u2019nda kurdu"},"content":{"rendered":"<p>K\u00fctahya ba\u015fta olmak \u00fczere T\u00fcrkiye\u2019nin bir\u00e7ok ilinde okullara k\u00fct\u00fcphane kazand\u0131ran emekli k\u00fct\u00fcphane memuru Zeki Akt\u00fcrk, 309\u2019uncu k\u00fct\u00fcphanesini Domani\u00e7 il\u00e7esindeki tarihi Kay\u0131 Obas\u0131\u2019nda kurdu.<br \/>\n<br \/>63 ya\u015f\u0131ndaki Akt\u00fcrk, kamu kurumundaki g\u00f6revinden sonra 2006 y\u0131l\u0131nda \u0130l Milli E\u011fitim M\u00fcd\u00fcrl\u00fc\u011f\u00fcne ge\u00e7erek k\u00fct\u00fcphaneci olarak \u00e7al\u0131\u015fmaya ba\u015flad\u0131. Emekli olmas\u0131na ra\u011fmen mesle\u011fine olan ba\u011fl\u0131l\u0131\u011f\u0131yla dikkat \u00e7eken Akt\u00fcrk, 2008 y\u0131l\u0131ndan bu yana T\u00fcrkiye genelinde k\u00fct\u00fcphanesi olmayan okullar\u0131 tespit ederek hay\u0131rseverlerden toplad\u0131\u011f\u0131 kitaplarla 308 okul k\u00fct\u00fcphanesinin kurulmas\u0131na \u00f6nc\u00fcl\u00fck etti. Akt\u00fcrk, son olarak Kay\u0131 Obas\u0131\u2019na kazand\u0131rd\u0131\u011f\u0131 309\u2019uncu k\u00fct\u00fcphane ile \u00e7al\u0131\u015fmalar\u0131na devam ediyor.<br \/>\n<br \/>K\u00fct\u00fcphanenin a\u00e7\u0131l\u0131\u015f t\u00f6renine K\u00fctahya \u0130l Milli E\u011fitim M\u00fcd\u00fcr\u00fc Mustafa Y\u0131lmaz, Domani\u00e7 Belediye Ba\u015fkan\u0131 Engin Uysal, T\u00fcrk D\u00fcnyas\u0131 K\u00fclt\u00fcr Sanat Platformu Ba\u015fkan\u0131 Abdurrahman Y\u0131ld\u0131z ve Kay\u0131 Obas\u0131 i\u015fletmecisi Mevl\u00fct Karakaya kat\u0131ld\u0131.<br \/>\n<br \/>T\u00f6rende konu\u015fan \u0130l Milli E\u011fitim M\u00fcd\u00fcr\u00fc Mustafa Y\u0131lmaz, Zeki Akt\u00fcrk\u2019e te\u015fekk\u00fcr ederek \u015funlar\u0131 s\u00f6yledi:<br \/>\n<br \/>&#8220;K\u00fctahyam\u0131z\u0131n kendisini kitaplara adam\u0131\u015f olan Zeki a\u011fabeyimizle beraber bug\u00fcn 309\u2019uncu k\u00fct\u00fcphanesini a\u00e7m\u0131\u015f. Allah emeklerini bo\u015fa \u00e7\u0131kartmas\u0131n in\u015fallah. Kitaplar ve k\u00fct\u00fcphane, e\u011fitimin olmazsa olmaz unsurlar\u0131ndan. Okuma k\u00fclt\u00fcr\u00fc sadece okullarda de\u011fil, hayat\u0131n her alan\u0131nda yer almal\u0131. Gen\u00e7lerimize bu al\u0131\u015fkanl\u0131\u011f\u0131 kazand\u0131rmal\u0131y\u0131z. Uzun s\u00fcredir kulland\u0131\u011f\u0131m\u0131z bir c\u00fcmle var: \u2018T\u00fcm d\u00fcnya bizim okumam\u0131z\u0131 bekliyor.\u2019 309\u2019dan sonra nice y\u00fczlerce k\u00fct\u00fcphane bekliyoruz Zeki a\u011fabeyimizden.&#8221;<br \/>\n<br \/>Y\u0131lmaz, Akt\u00fcrk\u2019e kitap ve e\u011fitime verdi\u011fi katk\u0131lardan dolay\u0131 te\u015fekk\u00fcr ederek, kedisine desteklerinin s\u00fcrece\u011fini ifade etti.<br \/><\/p>\n","protected":false},"excerpt":{"rendered":"<p>K\u00fctahya ba\u015fta olmak \u00fczere T\u00fcrkiye\u2019nin bir\u00e7ok ilinde okullara k\u00fct\u00fcphane kazand\u0131ran emekli k\u00fct\u00fcphane memuru Zeki Akt\u00fcrk, 309\u2019uncu k\u00fct\u00fcphanesini Domani\u00e7 il\u00e7esindeki tarihi Kay\u0131 Obas\u0131\u2019nda kurdu. 63 ya\u015f\u0131ndaki Akt\u00fcrk, kamu kurumundaki g\u00f6revinden sonra 2006 y\u0131l\u0131nda \u0130l Milli E\u011fitim M\u00fcd\u00fcrl\u00fc\u011f\u00fcne ge\u00e7erek k\u00fct\u00fcphaneci olarak \u00e7al\u0131\u015fmaya ba\u015flad\u0131. Emekli olmas\u0131na ra\u011fmen mesle\u011fine olan ba\u011fl\u0131l\u0131\u011f\u0131yla dikkat \u00e7eken Akt\u00fcrk, 2008 y\u0131l\u0131ndan bu yana T\u00fcrkiye&#8230;<\/p>\n","protected":false},"author":1,"featured_media":28014,"comment_status":"open","ping_status":"open","sticky":false,"template":"","format":"standard","meta":{"_crdt_document":"","footnotes":""},"categories":[123],"tags":[],"class_list":["post-28013","post","type-post","status-publish","format-standard","has-post-thumbnail","hentry","category-gundem"],"_links":{"self":[{"href":"https:\/\/www.egemtv.com\/index.php?rest_route=\/wp\/v2\/posts\/28013","targetHints":{"allow":["GET"]}}],"collection":[{"href":"https:\/\/www.egemtv.com\/index.php?rest_route=\/wp\/v2\/posts"}],"about":[{"href":"https:\/\/www.egemtv.com\/index.php?rest_route=\/wp\/v2\/types\/post"}],"author":[{"embeddable":true,"href":"https:\/\/www.egemtv.com\/index.php?rest_route=\/wp\/v2\/users\/1"}],"replies":[{"embeddable":true,"href":"https:\/\/www.egemtv.com\/index.php?rest_route=%2Fwp%2Fv2%2Fcomments&post=28013"}],"version-history":[{"count":1,"href":"https:\/\/www.egemtv.com\/index.php?rest_route=\/wp\/v2\/posts\/28013\/revisions"}],"predecessor-version":[{"id":28015,"href":"https:\/\/www.egemtv.com\/index.php?rest_route=\/wp\/v2\/posts\/28013\/revisions\/28015"}],"wp:featuredmedia":[{"embeddable":true,"href":"https:\/\/www.egemtv.com\/index.php?rest_route=\/wp\/v2\/media\/28014"}],"wp:attachment":[{"href":"https:\/\/www.egemtv.com\/index.php?rest_route=%2Fwp%2Fv2%2Fmedia&parent=28013"}],"wp:term":[{"taxonomy":"category","embeddable":true,"href":"https:\/\/www.egemtv.com\/index.php?rest_route=%2Fwp%2Fv2%2Fcategories&post=28013"},{"taxonomy":"post_tag","embeddable":true,"href":"https:\/\/www.egemtv.com\/index.php?rest_route=%2Fwp%2Fv2%2Ftags&post=28013"}],"curies":[{"name":"wp","href":"https:\/\/api.w.org\/{rel}","templated":true}]}}