{"id":28010,"date":"2025-05-12T09:36:46","date_gmt":"2025-05-12T06:36:46","guid":{"rendered":"https:\/\/www.egemtv.com\/?p=28010"},"modified":"2025-05-12T09:36:50","modified_gmt":"2025-05-12T06:36:50","slug":"baskan-tatik-tavasi-yayla-turizmiyle-tanistirmak-icin-kollari-sivadi","status":"publish","type":"post","link":"https:\/\/www.egemtv.com\/?p=28010","title":{"rendered":"Ba\u015fkan Tat\u0131k, Tavas\u2019\u0131 yayla turizmiyle tan\u0131\u015ft\u0131rmak i\u00e7in kollar\u0131 s\u0131vad\u0131"},"content":{"rendered":"<p>Tavas Belediye Ba\u015fkan\u0131 Kadir Tat\u0131k, Aydo\u011fdu Mahallesi Yoran Yaylas\u0131n\u0131 turizm ile bulu\u015fturmak i\u00e7in \u00e7al\u0131\u015fmalara ba\u015flad\u0131. Ba\u015fkan Tat\u0131k,  yaylan\u0131n do\u011fas\u0131yla uyumlu \u015fekillenmesi ve ihtiya\u00e7 duyulan altyap\u0131n\u0131n sa\u011flanmas\u0131yla ilgili incelemelerde bulundu.<\/p>\n<p>Tavas Belediye Ba\u015fkan\u0131 Kadir Tat\u0131k, Tavas\u2019\u0131 turizm alan\u0131nda geli\u015ftirmek amac\u0131yla \u00e7al\u0131\u015fmalar\u0131na devam ediyor. Ba\u015fkan Tat\u0131k, Aydo\u011fdu Mahallesi Yoran Yaylas\u0131 b\u00f6lgesinin ta\u015f\u0131d\u0131\u011f\u0131 turizm potansiyelini de\u011ferlendirmek amac\u0131yla b\u00f6lgede incelemeler yapt\u0131. Do\u011fal g\u00fczelli\u011fi ve konu ile dikkat \u00e7eken yaylada altyap\u0131n\u0131n sa\u011flanmas\u0131 ve b\u00f6lgenin do\u011fal g\u00fczellikleri korunarak \u015fekillenip misafirlerini a\u011f\u0131rlamas\u0131 amac\u0131yla m\u00fchendis ve mimarlarla fikir al\u0131\u015f veri\u015finde bulunuldu. Yaylada bulunan g\u00f6l\u00fcn korunmas\u0131 i\u00e7in de devlet kurumlar\u0131yla isti\u015farede bulunarak b\u00f6lgenin turizmde geli\u015fmesi i\u00e7in gerekli \u00e7al\u0131\u015fmalar\u0131n yak\u0131n zamanda ba\u015flayaca\u011f\u0131 belirtildi.<\/p>\n<p>Do\u011fal g\u00fczellikleri ile dikkat \u00e7eken b\u00f6lgenin turizm ile bulu\u015fmas\u0131 gerekti\u011fini belirten Tavas Belediye Ba\u015fkan\u0131 Kadir Tat\u0131k, &#8220;Aydo\u011fdu Yoran Yaylas\u0131\u2019nda, b\u00f6lgenin ta\u015f\u0131d\u0131\u011f\u0131 turizm potansiyelini de\u011ferlendirmek amac\u0131yla saha incelemesinde bulunduk. Do\u011fal yap\u0131s\u0131, konumu ve \u00e7evresel \u00f6zellikleriyle dikkat \u00e7eken yaylan\u0131n gelecekte turizme kazand\u0131r\u0131lmas\u0131na y\u00f6nelik fikir al\u0131\u015fveri\u015finde bulunarak g\u00f6zlemlerimizi yerinde yapt\u0131k. Ayr\u0131ca devlet kumlar\u0131m\u0131z\u0131n yetkilileri ile birlikte b\u00f6lgenin altyap\u0131 durumu \u00fczerine de\u011ferlendirmelerde bulunduk, teknik bilgiler ald\u0131k. Yaylan\u0131n hem do\u011fayla uyumlu \u015fekilde korunmas\u0131 hem de ihtiya\u00e7 duyulan altyap\u0131 d\u00fczenlemeleri a\u00e7\u0131s\u0131ndan yap\u0131labilecekleri ele ald\u0131k&#8221; ifadelerini kulland\u0131.<br \/><\/p>\n","protected":false},"excerpt":{"rendered":"<p>Tavas Belediye Ba\u015fkan\u0131 Kadir Tat\u0131k, Aydo\u011fdu Mahallesi Yoran Yaylas\u0131n\u0131 turizm ile bulu\u015fturmak i\u00e7in \u00e7al\u0131\u015fmalara ba\u015flad\u0131. Ba\u015fkan Tat\u0131k, yaylan\u0131n do\u011fas\u0131yla uyumlu \u015fekillenmesi ve ihtiya\u00e7 duyulan altyap\u0131n\u0131n sa\u011flanmas\u0131yla ilgili incelemelerde bulundu. Tavas Belediye Ba\u015fkan\u0131 Kadir Tat\u0131k, Tavas\u2019\u0131 turizm alan\u0131nda geli\u015ftirmek amac\u0131yla \u00e7al\u0131\u015fmalar\u0131na devam ediyor. Ba\u015fkan Tat\u0131k, Aydo\u011fdu Mahallesi Yoran Yaylas\u0131 b\u00f6lgesinin ta\u015f\u0131d\u0131\u011f\u0131 turizm potansiyelini de\u011ferlendirmek amac\u0131yla b\u00f6lgede&#8230;<\/p>\n","protected":false},"author":1,"featured_media":28011,"comment_status":"open","ping_status":"open","sticky":false,"template":"","format":"standard","meta":{"_crdt_document":"","footnotes":""},"categories":[1],"tags":[],"class_list":["post-28010","post","type-post","status-publish","format-standard","has-post-thumbnail","hentry","category-guncel"],"_links":{"self":[{"href":"https:\/\/www.egemtv.com\/index.php?rest_route=\/wp\/v2\/posts\/28010","targetHints":{"allow":["GET"]}}],"collection":[{"href":"https:\/\/www.egemtv.com\/index.php?rest_route=\/wp\/v2\/posts"}],"about":[{"href":"https:\/\/www.egemtv.com\/index.php?rest_route=\/wp\/v2\/types\/post"}],"author":[{"embeddable":true,"href":"https:\/\/www.egemtv.com\/index.php?rest_route=\/wp\/v2\/users\/1"}],"replies":[{"embeddable":true,"href":"https:\/\/www.egemtv.com\/index.php?rest_route=%2Fwp%2Fv2%2Fcomments&post=28010"}],"version-history":[{"count":1,"href":"https:\/\/www.egemtv.com\/index.php?rest_route=\/wp\/v2\/posts\/28010\/revisions"}],"predecessor-version":[{"id":28012,"href":"https:\/\/www.egemtv.com\/index.php?rest_route=\/wp\/v2\/posts\/28010\/revisions\/28012"}],"wp:featuredmedia":[{"embeddable":true,"href":"https:\/\/www.egemtv.com\/index.php?rest_route=\/wp\/v2\/media\/28011"}],"wp:attachment":[{"href":"https:\/\/www.egemtv.com\/index.php?rest_route=%2Fwp%2Fv2%2Fmedia&parent=28010"}],"wp:term":[{"taxonomy":"category","embeddable":true,"href":"https:\/\/www.egemtv.com\/index.php?rest_route=%2Fwp%2Fv2%2Fcategories&post=28010"},{"taxonomy":"post_tag","embeddable":true,"href":"https:\/\/www.egemtv.com\/index.php?rest_route=%2Fwp%2Fv2%2Ftags&post=28010"}],"curies":[{"name":"wp","href":"https:\/\/api.w.org\/{rel}","templated":true}]}}