{"id":28007,"date":"2025-05-12T09:16:06","date_gmt":"2025-05-12T06:16:06","guid":{"rendered":"https:\/\/www.egemtv.com\/?p=28007"},"modified":"2025-05-12T09:16:07","modified_gmt":"2025-05-12T06:16:07","slug":"ogrenciler-milli-parki-tanidi","status":"publish","type":"post","link":"https:\/\/www.egemtv.com\/?p=28007","title":{"rendered":"\u00d6\u011frenciler Milli Park\u0131 tan\u0131d\u0131"},"content":{"rendered":"<p>Ayd\u0131n\u2019\u0131n S\u00f6ke il\u00e7esinden gelen \u00f6\u011frenciler Milli Park\u0131 ziyaret ederek, incelemelerde bulundu.<\/p>\n<p>Dilek Yar\u0131madas\u0131 B\u00fcy\u00fck Menderes Deltas\u0131 Milli Park\u0131\u2019ndan yap\u0131lan a\u00e7\u0131klamada, &#8220;S\u00f6ke \u0130l\u00e7esi, Fatma T\u00fczzehra Orhun Mesleki ve Teknik Anadolu Lisesi \u00f6\u011frencilerini Milli Park\u0131m\u0131zda misafir ettik. &#8220;Do\u011fa E\u011fitimi Projesi&#8221; kapsam\u0131nda Ayd\u0131n \u0130li S\u00f6ke \u0130l\u00e7esi &#8220;Fatma T\u00fczzehra Orhun Mesleki ve Teknik Anadolu Lisesi &#8221; \u00f6\u011frencileri Milli Park M\u00fcd\u00fcrl\u00fc\u011f\u00fcm\u00fcz\u00fc ziyaret etti. Ziyarette \u00f6\u011frencilere e\u015flik eden personelimiz milli park i\u00e7erisinde bulunan a\u011fa\u00e7lar, bitki t\u00fcrleri ve yaban hayvanlar\u0131yla ilgili bilgilendirmelerde bulundu&#8221; denildi.<br \/><\/p>\n","protected":false},"excerpt":{"rendered":"<p>Ayd\u0131n\u2019\u0131n S\u00f6ke il\u00e7esinden gelen \u00f6\u011frenciler Milli Park\u0131 ziyaret ederek, incelemelerde bulundu. Dilek Yar\u0131madas\u0131 B\u00fcy\u00fck Menderes Deltas\u0131 Milli Park\u0131\u2019ndan yap\u0131lan a\u00e7\u0131klamada, &#8220;S\u00f6ke \u0130l\u00e7esi, Fatma T\u00fczzehra Orhun Mesleki ve Teknik Anadolu Lisesi \u00f6\u011frencilerini Milli Park\u0131m\u0131zda misafir ettik. &#8220;Do\u011fa E\u011fitimi Projesi&#8221; kapsam\u0131nda Ayd\u0131n \u0130li S\u00f6ke \u0130l\u00e7esi &#8220;Fatma T\u00fczzehra Orhun Mesleki ve Teknik Anadolu Lisesi &#8221; \u00f6\u011frencileri Milli Park&#8230;<\/p>\n","protected":false},"author":1,"featured_media":28008,"comment_status":"open","ping_status":"open","sticky":false,"template":"","format":"standard","meta":{"_crdt_document":"","footnotes":""},"categories":[1],"tags":[],"class_list":["post-28007","post","type-post","status-publish","format-standard","has-post-thumbnail","hentry","category-guncel"],"_links":{"self":[{"href":"https:\/\/www.egemtv.com\/index.php?rest_route=\/wp\/v2\/posts\/28007","targetHints":{"allow":["GET"]}}],"collection":[{"href":"https:\/\/www.egemtv.com\/index.php?rest_route=\/wp\/v2\/posts"}],"about":[{"href":"https:\/\/www.egemtv.com\/index.php?rest_route=\/wp\/v2\/types\/post"}],"author":[{"embeddable":true,"href":"https:\/\/www.egemtv.com\/index.php?rest_route=\/wp\/v2\/users\/1"}],"replies":[{"embeddable":true,"href":"https:\/\/www.egemtv.com\/index.php?rest_route=%2Fwp%2Fv2%2Fcomments&post=28007"}],"version-history":[{"count":1,"href":"https:\/\/www.egemtv.com\/index.php?rest_route=\/wp\/v2\/posts\/28007\/revisions"}],"predecessor-version":[{"id":28009,"href":"https:\/\/www.egemtv.com\/index.php?rest_route=\/wp\/v2\/posts\/28007\/revisions\/28009"}],"wp:featuredmedia":[{"embeddable":true,"href":"https:\/\/www.egemtv.com\/index.php?rest_route=\/wp\/v2\/media\/28008"}],"wp:attachment":[{"href":"https:\/\/www.egemtv.com\/index.php?rest_route=%2Fwp%2Fv2%2Fmedia&parent=28007"}],"wp:term":[{"taxonomy":"category","embeddable":true,"href":"https:\/\/www.egemtv.com\/index.php?rest_route=%2Fwp%2Fv2%2Fcategories&post=28007"},{"taxonomy":"post_tag","embeddable":true,"href":"https:\/\/www.egemtv.com\/index.php?rest_route=%2Fwp%2Fv2%2Ftags&post=28007"}],"curies":[{"name":"wp","href":"https:\/\/api.w.org\/{rel}","templated":true}]}}