{"id":28004,"date":"2025-05-12T08:54:57","date_gmt":"2025-05-12T05:54:57","guid":{"rendered":"https:\/\/www.egemtv.com\/?p=28004"},"modified":"2025-05-12T08:55:03","modified_gmt":"2025-05-12T05:55:03","slug":"karacasuda-ogrencilere-etut-destegi","status":"publish","type":"post","link":"https:\/\/www.egemtv.com\/?p=28004","title":{"rendered":"Karacasu\u2019da \u00f6\u011frencilere et\u00fct deste\u011fi"},"content":{"rendered":"<p>Ayd\u0131n\u2019\u0131n Karacasu il\u00e7esinde \u00f6\u011frencilere il\u00e7e kaymakaml\u0131\u011f\u0131 arac\u0131l\u0131\u011f\u0131 ile et\u00fct deste\u011fi sa\u011flan\u0131yor.<\/p>\n<p>Karacasu Kaymakaml\u0131\u011f\u0131 koordinesinde Karacasu Sosyal Yard\u0131mla\u015fma ve Dayan\u0131\u015fma Vakf\u0131 ile \u0130l\u00e7e Milli E\u011fitim M\u00fcd\u00fcrl\u00fc\u011f\u00fc i\u015fbirli\u011fiyle &#8220;Yar\u0131nlar \u0130\u00e7in Bug\u00fcn Yan\u0131nday\u0131z&#8221; projesi devam ediyor. Proje kapsam\u0131nda Cumartesi ve Pazar g\u00fcnleri 09.00-16.00 saatleri aras\u0131nda 15 Haziran 2025 tarihinde yap\u0131lacak olan LGS\u2019ye y\u00f6nelik \u00f6\u011frencilere et\u00fct deste\u011fi veriliyor.<\/p>\n<p>Karacasu Kaymakam\u0131 Mehmet G\u00fcndo\u011fdu, &#8220;\u00d6\u011frencilerimiz emeklerinin kar\u015f\u0131l\u0131\u011f\u0131n\u0131 umuyoruz alacaklar&#8221; dedi.<br \/><\/p>\n","protected":false},"excerpt":{"rendered":"<p>Ayd\u0131n\u2019\u0131n Karacasu il\u00e7esinde \u00f6\u011frencilere il\u00e7e kaymakaml\u0131\u011f\u0131 arac\u0131l\u0131\u011f\u0131 ile et\u00fct deste\u011fi sa\u011flan\u0131yor. Karacasu Kaymakaml\u0131\u011f\u0131 koordinesinde Karacasu Sosyal Yard\u0131mla\u015fma ve Dayan\u0131\u015fma Vakf\u0131 ile \u0130l\u00e7e Milli E\u011fitim M\u00fcd\u00fcrl\u00fc\u011f\u00fc i\u015fbirli\u011fiyle &#8220;Yar\u0131nlar \u0130\u00e7in Bug\u00fcn Yan\u0131nday\u0131z&#8221; projesi devam ediyor. Proje kapsam\u0131nda Cumartesi ve Pazar g\u00fcnleri 09.00-16.00 saatleri aras\u0131nda 15 Haziran 2025 tarihinde yap\u0131lacak olan LGS\u2019ye y\u00f6nelik \u00f6\u011frencilere et\u00fct deste\u011fi veriliyor. Karacasu&#8230;<\/p>\n","protected":false},"author":1,"featured_media":28005,"comment_status":"open","ping_status":"open","sticky":false,"template":"","format":"standard","meta":{"_crdt_document":"","footnotes":""},"categories":[1],"tags":[],"class_list":["post-28004","post","type-post","status-publish","format-standard","has-post-thumbnail","hentry","category-guncel"],"_links":{"self":[{"href":"https:\/\/www.egemtv.com\/index.php?rest_route=\/wp\/v2\/posts\/28004","targetHints":{"allow":["GET"]}}],"collection":[{"href":"https:\/\/www.egemtv.com\/index.php?rest_route=\/wp\/v2\/posts"}],"about":[{"href":"https:\/\/www.egemtv.com\/index.php?rest_route=\/wp\/v2\/types\/post"}],"author":[{"embeddable":true,"href":"https:\/\/www.egemtv.com\/index.php?rest_route=\/wp\/v2\/users\/1"}],"replies":[{"embeddable":true,"href":"https:\/\/www.egemtv.com\/index.php?rest_route=%2Fwp%2Fv2%2Fcomments&post=28004"}],"version-history":[{"count":1,"href":"https:\/\/www.egemtv.com\/index.php?rest_route=\/wp\/v2\/posts\/28004\/revisions"}],"predecessor-version":[{"id":28006,"href":"https:\/\/www.egemtv.com\/index.php?rest_route=\/wp\/v2\/posts\/28004\/revisions\/28006"}],"wp:featuredmedia":[{"embeddable":true,"href":"https:\/\/www.egemtv.com\/index.php?rest_route=\/wp\/v2\/media\/28005"}],"wp:attachment":[{"href":"https:\/\/www.egemtv.com\/index.php?rest_route=%2Fwp%2Fv2%2Fmedia&parent=28004"}],"wp:term":[{"taxonomy":"category","embeddable":true,"href":"https:\/\/www.egemtv.com\/index.php?rest_route=%2Fwp%2Fv2%2Fcategories&post=28004"},{"taxonomy":"post_tag","embeddable":true,"href":"https:\/\/www.egemtv.com\/index.php?rest_route=%2Fwp%2Fv2%2Ftags&post=28004"}],"curies":[{"name":"wp","href":"https:\/\/api.w.org\/{rel}","templated":true}]}}