{"id":28001,"date":"2025-05-12T07:14:38","date_gmt":"2025-05-12T04:14:38","guid":{"rendered":"https:\/\/www.egemtv.com\/?p=28001"},"modified":"2025-05-12T07:14:43","modified_gmt":"2025-05-12T04:14:43","slug":"ideal-kilonu-ogren-saglikli-yasa-kampanyasi","status":"publish","type":"post","link":"https:\/\/www.egemtv.com\/?p=28001","title":{"rendered":"\u2019\u0130deal kilonu \u00f6\u011fren, sa\u011fl\u0131kl\u0131 ya\u015fa\u2019 kampanyas\u0131"},"content":{"rendered":"<p>Sa\u011fl\u0131k Bakanl\u0131\u011f\u0131\u2019n\u0131n yeni ba\u015flatt\u0131\u011f\u0131 \u2018\u0130deal kilonu \u00f6\u011fren, sa\u011fl\u0131kl\u0131 ya\u015fa\u2019 kampanyas\u0131 ba\u015flatt\u0131. Kampanya \u00e7er\u00e7evesinde Mu\u011fla\u2019da 10 il\u00e7ede \u2018Sa\u011fl\u0131kl\u0131 Hayat Merkezleri\u2019 ve \u0130l\u00e7e Sa\u011fl\u0131k M\u00fcd\u00fcrl\u00fcklerinde diyetisyen personel taraf\u0131ndan \u00fccretsiz olarak sa\u011fl\u0131kl\u0131 beslenme dan\u0131\u015fmanl\u0131\u011f\u0131, 2 il\u00e7ede i\u015fe fizyoterapistler taraf\u0131ndan fiziksel aktivite dan\u0131\u015fmanl\u0131\u011f\u0131 veriliyor.<br \/>\n<br \/>Sa\u011fl\u0131k Bakanl\u0131\u011f\u0131 taraf\u0131ndan \u00fclke genelinde en az 10 milyon vatanda\u015fa ula\u015f\u0131lmas\u0131 hedeflenirken, \u2018\u0130deal Kklonu \u00f6\u011fren, sa\u011fl\u0131kl\u0131 ya\u015fa\u2019 kampanyas\u0131 kapsam\u0131nda Mu\u011fla genelinde 10 May\u0131s- 10 Temmuz tarihleri aras\u0131nda haftan\u0131n her g\u00fcn\u00fc \u00f6l\u00e7\u00fcm noktalar\u0131nda \u0130l Sa\u011fl\u0131k M\u00fcd\u00fcrl\u00fc\u011f\u00fcm\u00fczce olu\u015fturulan ekip taraf\u0131ndan vatanda\u015flar\u0131m\u0131z\u0131n v\u00fccut a\u011f\u0131rl\u0131\u011f\u0131 ve boy \u00f6l\u00e7\u00fcmleri yap\u0131larak obezite ile m\u00fccadele konusunda fark\u0131ndal\u0131k olu\u015fturulmas\u0131 ama\u00e7land\u0131.<br \/>\n<br \/>Mu\u011fla\u2019da 10 il\u00e7ede \u2018Sa\u011fl\u0131kl\u0131 Hayat Merkezleri\u2019 ve \u0130l\u00e7e Sa\u011fl\u0131k M\u00fcd\u00fcrl\u00fcklerinde diyetisyen personel taraf\u0131ndan \u00fccretsiz olarak sa\u011fl\u0131kl\u0131 beslenme dan\u0131\u015fmanl\u0131\u011f\u0131, 2 il\u00e7ede i\u015fe fizyoterapistler taraf\u0131ndan fiziksel aktivite dan\u0131\u015fmanl\u0131\u011f\u0131 veriliyor. Bakanl\u0131\u011f\u0131n ba\u015flatt\u0131\u011f\u0131 kampanya ile vatanda\u015flar a\u011f\u0131rl\u0131k ve boy \u00f6l\u00e7\u00fcmlerini yapt\u0131rd\u0131ktan sonra beden kitle indeksleri hesaplan\u0131yor, \u00f6l\u00e7\u00fcm sonu\u00e7lar\u0131 ile ilgili bilgilendirilerek risk durumlar\u0131na g\u00f6re dan\u0131\u015fmanl\u0131k almak \u00fczere sa\u011fl\u0131k kurulu\u015flar\u0131na y\u00f6nlendiriliyorlar.<br \/>\n<br \/>Mu\u011fla \u0130l Sa\u011fl\u0131k M\u00fcd\u00fcr\u00fc Dr Ali Burak M\u00fclayim, Sa\u011fl\u0131k Bakanl\u0131\u011f\u0131\u2019n\u0131n yeni ba\u015flatt\u0131\u011f\u0131 \u2018\u0130deal kilonu \u00f6\u011fren, sa\u011fl\u0131kl\u0131 ya\u015fa\u2019 kampanyas\u0131 ile ilgili a\u00e7\u0131klamalarda bulundu. Dr. M\u00fclayim, &#8220;\u00dclkemizde \u00d6l\u00fcmlerin y\u00fczde 90\u2019\u0131 bula\u015f\u0131c\u0131 olmayan hastal\u0131klar (Kalp Hastal\u0131klar\u0131, Diyabet, Hipertansiyon, Kanser vb.) kaynakl\u0131 ger\u00e7ekle\u015fmektedir. Bu hastal\u0131klar, sa\u011fl\u0131kl\u0131 beslenme ve d\u00fczenli fiziksel aktivite yapma al\u0131\u015fkanl\u0131\u011f\u0131 kazan\u0131larak \u00f6nlenebilir ya da kronik hale gelmesi engellenebilir.&#8221; Bakanl\u0131\u011f\u0131m\u0131z ve M\u00fcd\u00fcrl\u00fc\u011f\u00fcm\u00fcz taraf\u0131ndan yap\u0131lan tarama \u00e7al\u0131\u015fmalar\u0131nda halk\u0131m\u0131z\u0131n y\u00fczde 70\u2019inin obez ya da fazla kilolu oldu\u011fu ve y\u00fczde 40\u2019\u0131n\u0131n yetersiz fiziksel aktivite yapt\u0131\u011f\u0131 g\u00f6r\u00fclmektedir&#8221; dedi.<br \/><\/p>\n","protected":false},"excerpt":{"rendered":"<p>Sa\u011fl\u0131k Bakanl\u0131\u011f\u0131\u2019n\u0131n yeni ba\u015flatt\u0131\u011f\u0131 \u2018\u0130deal kilonu \u00f6\u011fren, sa\u011fl\u0131kl\u0131 ya\u015fa\u2019 kampanyas\u0131 ba\u015flatt\u0131. Kampanya \u00e7er\u00e7evesinde Mu\u011fla\u2019da 10 il\u00e7ede \u2018Sa\u011fl\u0131kl\u0131 Hayat Merkezleri\u2019 ve \u0130l\u00e7e Sa\u011fl\u0131k M\u00fcd\u00fcrl\u00fcklerinde diyetisyen personel taraf\u0131ndan \u00fccretsiz olarak sa\u011fl\u0131kl\u0131 beslenme dan\u0131\u015fmanl\u0131\u011f\u0131, 2 il\u00e7ede i\u015fe fizyoterapistler taraf\u0131ndan fiziksel aktivite dan\u0131\u015fmanl\u0131\u011f\u0131 veriliyor. Sa\u011fl\u0131k Bakanl\u0131\u011f\u0131 taraf\u0131ndan \u00fclke genelinde en az 10 milyon vatanda\u015fa ula\u015f\u0131lmas\u0131 hedeflenirken, \u2018\u0130deal Kklonu \u00f6\u011fren,&#8230;<\/p>\n","protected":false},"author":1,"featured_media":28002,"comment_status":"open","ping_status":"open","sticky":false,"template":"","format":"standard","meta":{"_crdt_document":"","footnotes":""},"categories":[2],"tags":[],"class_list":["post-28001","post","type-post","status-publish","format-standard","has-post-thumbnail","hentry","category-saglik"],"_links":{"self":[{"href":"https:\/\/www.egemtv.com\/index.php?rest_route=\/wp\/v2\/posts\/28001","targetHints":{"allow":["GET"]}}],"collection":[{"href":"https:\/\/www.egemtv.com\/index.php?rest_route=\/wp\/v2\/posts"}],"about":[{"href":"https:\/\/www.egemtv.com\/index.php?rest_route=\/wp\/v2\/types\/post"}],"author":[{"embeddable":true,"href":"https:\/\/www.egemtv.com\/index.php?rest_route=\/wp\/v2\/users\/1"}],"replies":[{"embeddable":true,"href":"https:\/\/www.egemtv.com\/index.php?rest_route=%2Fwp%2Fv2%2Fcomments&post=28001"}],"version-history":[{"count":1,"href":"https:\/\/www.egemtv.com\/index.php?rest_route=\/wp\/v2\/posts\/28001\/revisions"}],"predecessor-version":[{"id":28003,"href":"https:\/\/www.egemtv.com\/index.php?rest_route=\/wp\/v2\/posts\/28001\/revisions\/28003"}],"wp:featuredmedia":[{"embeddable":true,"href":"https:\/\/www.egemtv.com\/index.php?rest_route=\/wp\/v2\/media\/28002"}],"wp:attachment":[{"href":"https:\/\/www.egemtv.com\/index.php?rest_route=%2Fwp%2Fv2%2Fmedia&parent=28001"}],"wp:term":[{"taxonomy":"category","embeddable":true,"href":"https:\/\/www.egemtv.com\/index.php?rest_route=%2Fwp%2Fv2%2Fcategories&post=28001"},{"taxonomy":"post_tag","embeddable":true,"href":"https:\/\/www.egemtv.com\/index.php?rest_route=%2Fwp%2Fv2%2Ftags&post=28001"}],"curies":[{"name":"wp","href":"https:\/\/api.w.org\/{rel}","templated":true}]}}