{"id":27998,"date":"2025-05-12T06:54:42","date_gmt":"2025-05-12T03:54:42","guid":{"rendered":"https:\/\/www.egemtv.com\/?p=27998"},"modified":"2025-05-12T06:54:46","modified_gmt":"2025-05-12T03:54:46","slug":"mentesede-motosikletler-carpisti-3-yarali","status":"publish","type":"post","link":"https:\/\/www.egemtv.com\/?p=27998","title":{"rendered":"Mente\u015fe\u2019de motosikletler \u00e7arp\u0131\u015ft\u0131: 3 yaral\u0131"},"content":{"rendered":"<p>Mu\u011fla\u2019n\u0131n Mente\u015fe il\u00e7esi Akyol mevkiinde meydana gelen motosiklet kazas\u0131nda 3 ki\u015fi yaraland\u0131.<br \/>\n<br \/>48 AKY 921 plakal\u0131 motosiklet ile 48 TT 089 plakal\u0131 motosikletin \u00e7arp\u0131\u015ft\u0131\u011f\u0131 kazada, 48 AKY 921 plakal\u0131 motosikletin s\u00fcr\u00fcc\u00fcs\u00fc \u0130.U., motosiklette yolcu olarak bulunan hamile S.U. ve di\u011fer motosiklette yolcu konumunda bulunan E.N.G. yaraland\u0131.<br \/>\n<br \/>112 Acil \u00c7a\u011fr\u0131 Merkezine bilgi verilmesi sonras\u0131 b\u00f6lgeye gelen 112 ambulans ekipleri taraf\u0131ndan yaral\u0131lar hastaneye kald\u0131r\u0131l\u0131rken, kazayla ilgili soru\u015fturma ba\u015flat\u0131ld\u0131.<br \/><\/p>\n","protected":false},"excerpt":{"rendered":"<p>Mu\u011fla\u2019n\u0131n Mente\u015fe il\u00e7esi Akyol mevkiinde meydana gelen motosiklet kazas\u0131nda 3 ki\u015fi yaraland\u0131. 48 AKY 921 plakal\u0131 motosiklet ile 48 TT 089 plakal\u0131 motosikletin \u00e7arp\u0131\u015ft\u0131\u011f\u0131 kazada, 48 AKY 921 plakal\u0131 motosikletin s\u00fcr\u00fcc\u00fcs\u00fc \u0130.U., motosiklette yolcu olarak bulunan hamile S.U. ve di\u011fer motosiklette yolcu konumunda bulunan E.N.G. yaraland\u0131. 112 Acil \u00c7a\u011fr\u0131 Merkezine bilgi verilmesi sonras\u0131 b\u00f6lgeye gelen&#8230;<\/p>\n","protected":false},"author":1,"featured_media":27999,"comment_status":"open","ping_status":"open","sticky":false,"template":"","format":"standard","meta":{"_crdt_document":"","footnotes":""},"categories":[5],"tags":[],"class_list":["post-27998","post","type-post","status-publish","format-standard","has-post-thumbnail","hentry","category-asayis"],"_links":{"self":[{"href":"https:\/\/www.egemtv.com\/index.php?rest_route=\/wp\/v2\/posts\/27998","targetHints":{"allow":["GET"]}}],"collection":[{"href":"https:\/\/www.egemtv.com\/index.php?rest_route=\/wp\/v2\/posts"}],"about":[{"href":"https:\/\/www.egemtv.com\/index.php?rest_route=\/wp\/v2\/types\/post"}],"author":[{"embeddable":true,"href":"https:\/\/www.egemtv.com\/index.php?rest_route=\/wp\/v2\/users\/1"}],"replies":[{"embeddable":true,"href":"https:\/\/www.egemtv.com\/index.php?rest_route=%2Fwp%2Fv2%2Fcomments&post=27998"}],"version-history":[{"count":1,"href":"https:\/\/www.egemtv.com\/index.php?rest_route=\/wp\/v2\/posts\/27998\/revisions"}],"predecessor-version":[{"id":28000,"href":"https:\/\/www.egemtv.com\/index.php?rest_route=\/wp\/v2\/posts\/27998\/revisions\/28000"}],"wp:featuredmedia":[{"embeddable":true,"href":"https:\/\/www.egemtv.com\/index.php?rest_route=\/wp\/v2\/media\/27999"}],"wp:attachment":[{"href":"https:\/\/www.egemtv.com\/index.php?rest_route=%2Fwp%2Fv2%2Fmedia&parent=27998"}],"wp:term":[{"taxonomy":"category","embeddable":true,"href":"https:\/\/www.egemtv.com\/index.php?rest_route=%2Fwp%2Fv2%2Fcategories&post=27998"},{"taxonomy":"post_tag","embeddable":true,"href":"https:\/\/www.egemtv.com\/index.php?rest_route=%2Fwp%2Fv2%2Ftags&post=27998"}],"curies":[{"name":"wp","href":"https:\/\/api.w.org\/{rel}","templated":true}]}}