{"id":27995,"date":"2025-05-11T23:35:07","date_gmt":"2025-05-11T20:35:07","guid":{"rendered":"https:\/\/www.egemtv.com\/?p=27995"},"modified":"2025-05-11T23:35:10","modified_gmt":"2025-05-11T20:35:10","slug":"domanicli-kayip-esnaf-sag-olarak-bulundu","status":"publish","type":"post","link":"https:\/\/www.egemtv.com\/?p=27995","title":{"rendered":"Domani\u00e7li kay\u0131p esnaf sa\u011f olarak bulundu"},"content":{"rendered":"<p>K\u00fctahya\u2019n\u0131n Domani\u00e7 il\u00e7esine ba\u011fl\u0131 Durabey k\u00f6y\u00fcnde ya\u015fayan trakt\u00f6r tamircisi 40 ya\u015f\u0131ndaki Sami \u0130lik, kaybolduktan 4 g\u00fcn sonra sa\u011f olarak bulundu.<br \/>\n<br \/>8 May\u0131s Per\u015fembe g\u00fcn\u00fc evinden ayr\u0131ld\u0131ktan sonra kendisinden haber al\u0131namayan \u0130lik i\u00e7in \u0130l\u00e7e Jandarma Komutanl\u0131\u011f\u0131, K\u00fctahya\u2019dan gelen komando birli\u011fi, AFAD ekipleri ve k\u00f6yl\u00fcler seferber oldu. D\u00f6rd\u00fcnc\u00fc g\u00fcn\u00fcn sonunda, \u0130lik\u2019i k\u00f6y giri\u015findeki kullan\u0131lmayan bir evde tesad\u00fcfen g\u00f6ren bir k\u00f6yl\u00fc, kendisini alarak sa\u011fl\u0131k kurulu\u015funa ula\u015ft\u0131rd\u0131.<br \/>\n<br \/>\u0130lk m\u00fcdahalesi Domani\u00e7 \u0130l\u00e7e Hastanesi\u2019nde yap\u0131lan Sami \u0130lik, genel kontrol amac\u0131yla ambulansla Tav\u015fanl\u0131 Do\u00e7. Dr. Mustafa Kalemli Devlet Hastanesi\u2019ne sevk edildi. Yetkililer, \u0130lik\u2019in sa\u011fl\u0131k durumunun iyi oldu\u011funu bildirdi.<br \/>\n<br \/>Olay, k\u00f6y halk\u0131 ve yak\u0131nlar\u0131 taraf\u0131ndan sevin\u00e7le kar\u015f\u0131land\u0131.<br \/><\/p>\n","protected":false},"excerpt":{"rendered":"<p>K\u00fctahya\u2019n\u0131n Domani\u00e7 il\u00e7esine ba\u011fl\u0131 Durabey k\u00f6y\u00fcnde ya\u015fayan trakt\u00f6r tamircisi 40 ya\u015f\u0131ndaki Sami \u0130lik, kaybolduktan 4 g\u00fcn sonra sa\u011f olarak bulundu. 8 May\u0131s Per\u015fembe g\u00fcn\u00fc evinden ayr\u0131ld\u0131ktan sonra kendisinden haber al\u0131namayan \u0130lik i\u00e7in \u0130l\u00e7e Jandarma Komutanl\u0131\u011f\u0131, K\u00fctahya\u2019dan gelen komando birli\u011fi, AFAD ekipleri ve k\u00f6yl\u00fcler seferber oldu. D\u00f6rd\u00fcnc\u00fc g\u00fcn\u00fcn sonunda, \u0130lik\u2019i k\u00f6y giri\u015findeki kullan\u0131lmayan bir evde tesad\u00fcfen&#8230;<\/p>\n","protected":false},"author":1,"featured_media":27996,"comment_status":"open","ping_status":"open","sticky":false,"template":"","format":"standard","meta":{"_crdt_document":"","footnotes":""},"categories":[5],"tags":[],"class_list":["post-27995","post","type-post","status-publish","format-standard","has-post-thumbnail","hentry","category-asayis"],"_links":{"self":[{"href":"https:\/\/www.egemtv.com\/index.php?rest_route=\/wp\/v2\/posts\/27995","targetHints":{"allow":["GET"]}}],"collection":[{"href":"https:\/\/www.egemtv.com\/index.php?rest_route=\/wp\/v2\/posts"}],"about":[{"href":"https:\/\/www.egemtv.com\/index.php?rest_route=\/wp\/v2\/types\/post"}],"author":[{"embeddable":true,"href":"https:\/\/www.egemtv.com\/index.php?rest_route=\/wp\/v2\/users\/1"}],"replies":[{"embeddable":true,"href":"https:\/\/www.egemtv.com\/index.php?rest_route=%2Fwp%2Fv2%2Fcomments&post=27995"}],"version-history":[{"count":1,"href":"https:\/\/www.egemtv.com\/index.php?rest_route=\/wp\/v2\/posts\/27995\/revisions"}],"predecessor-version":[{"id":27997,"href":"https:\/\/www.egemtv.com\/index.php?rest_route=\/wp\/v2\/posts\/27995\/revisions\/27997"}],"wp:featuredmedia":[{"embeddable":true,"href":"https:\/\/www.egemtv.com\/index.php?rest_route=\/wp\/v2\/media\/27996"}],"wp:attachment":[{"href":"https:\/\/www.egemtv.com\/index.php?rest_route=%2Fwp%2Fv2%2Fmedia&parent=27995"}],"wp:term":[{"taxonomy":"category","embeddable":true,"href":"https:\/\/www.egemtv.com\/index.php?rest_route=%2Fwp%2Fv2%2Fcategories&post=27995"},{"taxonomy":"post_tag","embeddable":true,"href":"https:\/\/www.egemtv.com\/index.php?rest_route=%2Fwp%2Fv2%2Ftags&post=27995"}],"curies":[{"name":"wp","href":"https:\/\/api.w.org\/{rel}","templated":true}]}}