{"id":27992,"date":"2025-05-11T22:55:38","date_gmt":"2025-05-11T19:55:38","guid":{"rendered":"https:\/\/www.egemtv.com\/?p=27992"},"modified":"2025-05-11T22:55:43","modified_gmt":"2025-05-11T19:55:43","slug":"somada-6-gundur-aranan-alzheimer-hastasi-adamdan-aci-haber","status":"publish","type":"post","link":"https:\/\/www.egemtv.com\/?p=27992","title":{"rendered":"Soma\u2019da 6 g\u00fcnd\u00fcr aranan Alzheimer hastas\u0131 adamdan ac\u0131 haber"},"content":{"rendered":"<p>Manisa\u2019n\u0131n Soma il\u00e7esinde 6 g\u00fcnd\u00fcr kay\u0131p olarak aranan Alzheimer hastas\u0131 69 ya\u015f\u0131ndaki Remzi \u00d6zberk, bir arazide \u00f6l\u00fc olarak bulundu.<br \/>\n<br \/>6 May\u0131s Pazartesi g\u00fcn\u00fc evinden ayr\u0131ld\u0131ktan sonra kendisinden bir daha haber al\u0131namayan Remzi \u00d6zberk i\u00e7in geni\u015f \u00e7apl\u0131 bir arama-kurtarma \u00e7al\u0131\u015fmas\u0131 ba\u015flat\u0131lm\u0131\u015ft\u0131. Jandarma ekiplerinin yan\u0131 s\u0131ra AFAD, AKUT, ANDA, Bergama TRAC \u015eubesi, Soma Do\u011fa Sporlar\u0131 ve Arama Kurtarma Derne\u011fi (SODOS) ve \u00e7ok say\u0131da g\u00f6n\u00fcll\u00fc vatanda\u015f b\u00f6lgede yo\u011fun bir arama faaliyeti y\u00fcr\u00fctt\u00fc. Termal drone destekli havadan aramalarla birlikte zorlu arazi \u015fartlar\u0131nda karadan da aral\u0131ks\u0131z \u00e7al\u0131\u015fmalar s\u00fcrd\u00fcr\u00fcld\u00fc.<br \/>\n<br \/>Soma halk\u0131n\u0131n da b\u00fcy\u00fck destek verdi\u011fi \u00e7al\u0131\u015fmalarda \u00d6zberk\u2019in cans\u0131z bedeni, Avdan Mahallesi\u2019ne ba\u011fl\u0131 mezarl\u0131\u011fa yak\u0131n bir tar\u0131m arazisinde bulundu. Ac\u0131 haber, Soma\u2019da b\u00fcy\u00fck \u00fcz\u00fcnt\u00fcye neden oldu.<br \/>\n<br \/>SODOS Ba\u015fkan\u0131 Mustafa Alio\u011flu yapt\u0131\u011f\u0131 a\u00e7\u0131klamada, &#8220;Remzi amcam\u0131z i\u00e7in 6 g\u00fcnd\u00fcr geceli g\u00fcnd\u00fczl\u00fc \u00e7al\u0131\u015ft\u0131k. T\u00fcm ekiplerle birlikte elimizden gelenin fazlas\u0131n\u0131 yapmaya gayret ettik. Sa\u011f salim bulmay\u0131 umut ediyorduk ama maalesef \u00fcz\u00fcc\u00fc haberle kar\u015f\u0131la\u015ft\u0131k. Bu s\u00fcre\u00e7te destek veren t\u00fcm kurumlara, g\u00f6n\u00fcll\u00fclere ve Soma halk\u0131na te\u015fekk\u00fcr ediyoruz. Merhuma Allah\u2019tan rahmet, ailesine sab\u0131r diliyoruz&#8221; ifadelerini kulland\u0131.<br \/>\n<br \/>G\u00f6rg\u00fc tan\u0131klar\u0131, \u00d6zberk\u2019in kayboldu\u011fu g\u00fcn Avdan Mahallesi civar\u0131nda baz\u0131 ki\u015filerle k\u0131sa s\u00fcreli sohbet etti\u011fini ve y\u00f6n sordu\u011funu belirtti. En son g\u00fcvenlik kameralar\u0131na yaln\u0131z y\u00fcr\u00fcd\u00fc\u011f\u00fc anlar yans\u0131d\u0131.<br \/><\/p>\n","protected":false},"excerpt":{"rendered":"<p>Manisa\u2019n\u0131n Soma il\u00e7esinde 6 g\u00fcnd\u00fcr kay\u0131p olarak aranan Alzheimer hastas\u0131 69 ya\u015f\u0131ndaki Remzi \u00d6zberk, bir arazide \u00f6l\u00fc olarak bulundu. 6 May\u0131s Pazartesi g\u00fcn\u00fc evinden ayr\u0131ld\u0131ktan sonra kendisinden bir daha haber al\u0131namayan Remzi \u00d6zberk i\u00e7in geni\u015f \u00e7apl\u0131 bir arama-kurtarma \u00e7al\u0131\u015fmas\u0131 ba\u015flat\u0131lm\u0131\u015ft\u0131. Jandarma ekiplerinin yan\u0131 s\u0131ra AFAD, AKUT, ANDA, Bergama TRAC \u015eubesi, Soma Do\u011fa Sporlar\u0131 ve Arama&#8230;<\/p>\n","protected":false},"author":1,"featured_media":27993,"comment_status":"open","ping_status":"open","sticky":false,"template":"","format":"standard","meta":{"_crdt_document":"","footnotes":""},"categories":[5],"tags":[],"class_list":["post-27992","post","type-post","status-publish","format-standard","has-post-thumbnail","hentry","category-asayis"],"_links":{"self":[{"href":"https:\/\/www.egemtv.com\/index.php?rest_route=\/wp\/v2\/posts\/27992","targetHints":{"allow":["GET"]}}],"collection":[{"href":"https:\/\/www.egemtv.com\/index.php?rest_route=\/wp\/v2\/posts"}],"about":[{"href":"https:\/\/www.egemtv.com\/index.php?rest_route=\/wp\/v2\/types\/post"}],"author":[{"embeddable":true,"href":"https:\/\/www.egemtv.com\/index.php?rest_route=\/wp\/v2\/users\/1"}],"replies":[{"embeddable":true,"href":"https:\/\/www.egemtv.com\/index.php?rest_route=%2Fwp%2Fv2%2Fcomments&post=27992"}],"version-history":[{"count":1,"href":"https:\/\/www.egemtv.com\/index.php?rest_route=\/wp\/v2\/posts\/27992\/revisions"}],"predecessor-version":[{"id":27994,"href":"https:\/\/www.egemtv.com\/index.php?rest_route=\/wp\/v2\/posts\/27992\/revisions\/27994"}],"wp:featuredmedia":[{"embeddable":true,"href":"https:\/\/www.egemtv.com\/index.php?rest_route=\/wp\/v2\/media\/27993"}],"wp:attachment":[{"href":"https:\/\/www.egemtv.com\/index.php?rest_route=%2Fwp%2Fv2%2Fmedia&parent=27992"}],"wp:term":[{"taxonomy":"category","embeddable":true,"href":"https:\/\/www.egemtv.com\/index.php?rest_route=%2Fwp%2Fv2%2Fcategories&post=27992"},{"taxonomy":"post_tag","embeddable":true,"href":"https:\/\/www.egemtv.com\/index.php?rest_route=%2Fwp%2Fv2%2Ftags&post=27992"}],"curies":[{"name":"wp","href":"https:\/\/api.w.org\/{rel}","templated":true}]}}