{"id":27989,"date":"2025-05-11T22:55:33","date_gmt":"2025-05-11T19:55:33","guid":{"rendered":"https:\/\/www.egemtv.com\/?p=27989"},"modified":"2025-05-11T22:55:38","modified_gmt":"2025-05-11T19:55:38","slug":"baskan-kara-sehit-annelerini-unutmadi","status":"publish","type":"post","link":"https:\/\/www.egemtv.com\/?p=27989","title":{"rendered":"Ba\u015fkan Kara \u015fehit annelerini unutmad\u0131"},"content":{"rendered":"<p>Manisa\u2019n\u0131n Demirci il\u00e7esinde Belediye Ba\u015fkan\u0131 Erkan Kara Anneler G\u00fcn\u00fcnde \u015fehit annelerini evlerinde ziyaret ederek, Anneler G\u00fcn\u00fcn\u00fc kutlad\u0131.<br \/>\n<br \/>Her y\u0131l may\u0131s ay\u0131n\u0131n ikinci hafta sonu kutlanan Anneler G\u00fcn\u00fc Demirci\u2019de de \u00e7e\u015fitli etkinliklerle kutlan\u0131yor.<br \/>\n<br \/>Demirci Belediye Ba\u015fkan\u0131 Erkan Kara, AK Parti \u0130l\u00e7e Ba\u015fkan\u0131 Nurullah Akg\u00fcn ve parti y\u00f6netim kurulu \u00fcyeleri ile birlikte Anneler G\u00fcn\u00fcnde \u015fehit annelerini de yanl\u0131z b\u0131rakmad\u0131.<br \/>\n<br \/>Ba\u015fkan Erkan Kara ziyaretleri kapsam\u0131nda \u015eehit Top\u00e7u Astsubay Ferhat Vurucu\u2019nun annesi Fadime Vurucu ve \u015eehit Uzman \u00c7avu\u015f Ahmet Korkmaz\u2019\u0131n annesi \u015eehriye Korkmaz\u2019\u0131 evlerinde ziyaret etti.<br \/>\n<br \/>Belediye Ba\u015fkan\u0131 Erkan Kara yapt\u0131\u011f\u0131 a\u00e7\u0131klamada, &#8221; Anneler G\u00fcn\u00fcnde \u015eehitlerimizin bizlere emaneti olan \u015fehit annelerimizi evlerinde ziyaret ettik. Y\u00fcre\u011fiyle b\u00fcy\u00fcten, varl\u0131\u011f\u0131yla \u00f6\u011freten, sevgisiyle d\u00fcnyay\u0131 iyile\u015ftiren ba\u015fta \u015fehit ve gazilerimizin anneleri olmak \u00fczere t\u00fcm annelerin Anneler G\u00fcn\u00fcn\u00fc kutluyorum&#8221; dedi.<br \/><\/p>\n","protected":false},"excerpt":{"rendered":"<p>Manisa\u2019n\u0131n Demirci il\u00e7esinde Belediye Ba\u015fkan\u0131 Erkan Kara Anneler G\u00fcn\u00fcnde \u015fehit annelerini evlerinde ziyaret ederek, Anneler G\u00fcn\u00fcn\u00fc kutlad\u0131. Her y\u0131l may\u0131s ay\u0131n\u0131n ikinci hafta sonu kutlanan Anneler G\u00fcn\u00fc Demirci\u2019de de \u00e7e\u015fitli etkinliklerle kutlan\u0131yor. Demirci Belediye Ba\u015fkan\u0131 Erkan Kara, AK Parti \u0130l\u00e7e Ba\u015fkan\u0131 Nurullah Akg\u00fcn ve parti y\u00f6netim kurulu \u00fcyeleri ile birlikte Anneler G\u00fcn\u00fcnde \u015fehit annelerini de&#8230;<\/p>\n","protected":false},"author":1,"featured_media":27990,"comment_status":"open","ping_status":"open","sticky":false,"template":"","format":"standard","meta":{"_crdt_document":"","footnotes":""},"categories":[123],"tags":[],"class_list":["post-27989","post","type-post","status-publish","format-standard","has-post-thumbnail","hentry","category-gundem"],"_links":{"self":[{"href":"https:\/\/www.egemtv.com\/index.php?rest_route=\/wp\/v2\/posts\/27989","targetHints":{"allow":["GET"]}}],"collection":[{"href":"https:\/\/www.egemtv.com\/index.php?rest_route=\/wp\/v2\/posts"}],"about":[{"href":"https:\/\/www.egemtv.com\/index.php?rest_route=\/wp\/v2\/types\/post"}],"author":[{"embeddable":true,"href":"https:\/\/www.egemtv.com\/index.php?rest_route=\/wp\/v2\/users\/1"}],"replies":[{"embeddable":true,"href":"https:\/\/www.egemtv.com\/index.php?rest_route=%2Fwp%2Fv2%2Fcomments&post=27989"}],"version-history":[{"count":1,"href":"https:\/\/www.egemtv.com\/index.php?rest_route=\/wp\/v2\/posts\/27989\/revisions"}],"predecessor-version":[{"id":27991,"href":"https:\/\/www.egemtv.com\/index.php?rest_route=\/wp\/v2\/posts\/27989\/revisions\/27991"}],"wp:featuredmedia":[{"embeddable":true,"href":"https:\/\/www.egemtv.com\/index.php?rest_route=\/wp\/v2\/media\/27990"}],"wp:attachment":[{"href":"https:\/\/www.egemtv.com\/index.php?rest_route=%2Fwp%2Fv2%2Fmedia&parent=27989"}],"wp:term":[{"taxonomy":"category","embeddable":true,"href":"https:\/\/www.egemtv.com\/index.php?rest_route=%2Fwp%2Fv2%2Fcategories&post=27989"},{"taxonomy":"post_tag","embeddable":true,"href":"https:\/\/www.egemtv.com\/index.php?rest_route=%2Fwp%2Fv2%2Ftags&post=27989"}],"curies":[{"name":"wp","href":"https:\/\/api.w.org\/{rel}","templated":true}]}}