{"id":27986,"date":"2025-05-11T22:36:12","date_gmt":"2025-05-11T19:36:12","guid":{"rendered":"https:\/\/www.egemtv.com\/?p=27986"},"modified":"2025-05-11T22:36:16","modified_gmt":"2025-05-11T19:36:16","slug":"dpu-rektoru-ogrencilerle-cig-kofte-yogurdu-halay-cekti","status":"publish","type":"post","link":"https:\/\/www.egemtv.com\/?p=27986","title":{"rendered":"DP\u00dc Rekt\u00f6r\u00fc, \u00f6\u011frencilerle \u00e7i\u011f k\u00f6fte yo\u011furdu, halay \u00e7ekti"},"content":{"rendered":"<p>K\u00fctahya Dumlup\u0131nar \u00dcniversitesi Rekt\u00f6r\u00fc Prof. Dr. S\u00fcleyman K\u0131z\u0131ltoprak, \u00fcniversite kamp\u00fcs\u00fcnde d\u00fczenlenen \u00e7i\u011f k\u00f6fte etkinli\u011finde \u00f6\u011frencilerle bir araya geldi. Rekt\u00f6r K\u0131z\u0131ltoprak, yo\u011furdu\u011fu \u00e7i\u011f k\u00f6fteleri \u00f6\u011frencilere kendi elleriyle ikram etti, ard\u0131ndan halay \u00e7ekerek gen\u00e7lerle keyifli anlar ya\u015fad\u0131.<br \/>\n<br \/>Birlik Vakf\u0131 K\u00fctahya \u015eubesi ve DP\u00dc Kilit \u00d6\u011frenci Toplulu\u011fu i\u015f birli\u011fiyle d\u00fczenlenen etkinlik, \u00fcniversitenin farkl\u0131 \u015fehirlerden gelen \u00f6\u011frencilerini bir araya getirerek k\u00fclt\u00fcrel kayna\u015fmaya katk\u0131 sa\u011flad\u0131. Etkinlikte konu\u015fan Rekt\u00f6r Prof. Dr. S\u00fcleyman K\u0131z\u0131ltoprak, \u00f6\u011frencilere hitaben, &#8220;\u00c7ok ya\u015fay\u0131n. Hayat sizin, her \u015feyin, t\u00fcm g\u00fczellikler sizinle olsun. Yolunuz a\u00e7\u0131k, baht\u0131n\u0131z a\u00e7\u0131k olsun&#8221; ifadelerini kulland\u0131.<br \/>\n<br \/>Birlik Vakf\u0131 K\u00fctahya \u015eube Ba\u015fkan\u0131 Ali \u0130hsan \u00d6zdemir ise yapt\u0131\u011f\u0131 a\u00e7\u0131klamada, \u00fcniversite \u00f6\u011frencilerinin farkl\u0131 k\u00fclt\u00fcrlerden geldi\u011fine dikkat \u00e7ekerek, &#8220;Bu etkinlikler, \u00f6\u011frencilerimizin birbirlerini daha iyi tan\u0131mas\u0131na ve K\u00fctahya\u2019y\u0131 daha yak\u0131ndan ke\u015ffetmelerine vesile oluyor. Onlar bizim evlatlar\u0131m\u0131z. Gittikleri her yerde K\u00fctahya\u2019m\u0131z\u0131 g\u00fczel anlatmalar\u0131n\u0131 istiyoruz. Bu t\u00fcr bulu\u015fmalar, birlikte ya\u015faman\u0131n \u00f6nemini vurgulamak a\u00e7\u0131s\u0131ndan \u00e7ok de\u011ferli&#8221; diye konu\u015ftu.<br \/>\n<br \/>Samimi ortamda ge\u00e7en etkinlikte \u00f6\u011frenciler, hem e\u011flendi hem de farkl\u0131 k\u00fclt\u00fcrel deneyimleri birlikte payla\u015fma f\u0131rsat\u0131 buldu.<br \/><\/p>\n","protected":false},"excerpt":{"rendered":"<p>K\u00fctahya Dumlup\u0131nar \u00dcniversitesi Rekt\u00f6r\u00fc Prof. Dr. S\u00fcleyman K\u0131z\u0131ltoprak, \u00fcniversite kamp\u00fcs\u00fcnde d\u00fczenlenen \u00e7i\u011f k\u00f6fte etkinli\u011finde \u00f6\u011frencilerle bir araya geldi. Rekt\u00f6r K\u0131z\u0131ltoprak, yo\u011furdu\u011fu \u00e7i\u011f k\u00f6fteleri \u00f6\u011frencilere kendi elleriyle ikram etti, ard\u0131ndan halay \u00e7ekerek gen\u00e7lerle keyifli anlar ya\u015fad\u0131. Birlik Vakf\u0131 K\u00fctahya \u015eubesi ve DP\u00dc Kilit \u00d6\u011frenci Toplulu\u011fu i\u015f birli\u011fiyle d\u00fczenlenen etkinlik, \u00fcniversitenin farkl\u0131 \u015fehirlerden gelen \u00f6\u011frencilerini bir araya&#8230;<\/p>\n","protected":false},"author":1,"featured_media":27987,"comment_status":"open","ping_status":"open","sticky":false,"template":"","format":"standard","meta":{"_crdt_document":"","footnotes":""},"categories":[123],"tags":[],"class_list":["post-27986","post","type-post","status-publish","format-standard","has-post-thumbnail","hentry","category-gundem"],"_links":{"self":[{"href":"https:\/\/www.egemtv.com\/index.php?rest_route=\/wp\/v2\/posts\/27986","targetHints":{"allow":["GET"]}}],"collection":[{"href":"https:\/\/www.egemtv.com\/index.php?rest_route=\/wp\/v2\/posts"}],"about":[{"href":"https:\/\/www.egemtv.com\/index.php?rest_route=\/wp\/v2\/types\/post"}],"author":[{"embeddable":true,"href":"https:\/\/www.egemtv.com\/index.php?rest_route=\/wp\/v2\/users\/1"}],"replies":[{"embeddable":true,"href":"https:\/\/www.egemtv.com\/index.php?rest_route=%2Fwp%2Fv2%2Fcomments&post=27986"}],"version-history":[{"count":1,"href":"https:\/\/www.egemtv.com\/index.php?rest_route=\/wp\/v2\/posts\/27986\/revisions"}],"predecessor-version":[{"id":27988,"href":"https:\/\/www.egemtv.com\/index.php?rest_route=\/wp\/v2\/posts\/27986\/revisions\/27988"}],"wp:featuredmedia":[{"embeddable":true,"href":"https:\/\/www.egemtv.com\/index.php?rest_route=\/wp\/v2\/media\/27987"}],"wp:attachment":[{"href":"https:\/\/www.egemtv.com\/index.php?rest_route=%2Fwp%2Fv2%2Fmedia&parent=27986"}],"wp:term":[{"taxonomy":"category","embeddable":true,"href":"https:\/\/www.egemtv.com\/index.php?rest_route=%2Fwp%2Fv2%2Fcategories&post=27986"},{"taxonomy":"post_tag","embeddable":true,"href":"https:\/\/www.egemtv.com\/index.php?rest_route=%2Fwp%2Fv2%2Ftags&post=27986"}],"curies":[{"name":"wp","href":"https:\/\/api.w.org\/{rel}","templated":true}]}}