{"id":27983,"date":"2025-05-11T22:36:08","date_gmt":"2025-05-11T19:36:08","guid":{"rendered":"https:\/\/www.egemtv.com\/?p=27983"},"modified":"2025-05-11T22:36:12","modified_gmt":"2025-05-11T19:36:12","slug":"jandarma-sehit-annelerini-unutmadi","status":"publish","type":"post","link":"https:\/\/www.egemtv.com\/?p=27983","title":{"rendered":"Jandarma, \u015fehit annelerini unutmad\u0131"},"content":{"rendered":"<p>Ayd\u0131n \u0130l Jandarma Komutanl\u0131\u011f\u0131\u2019na ba\u011fl\u0131 ekipler, \u015fehit annelerini unutmazken, yapt\u0131klar\u0131 ziyaretlerle Anneler G\u00fcn\u00fc\u2019n\u00fc kutlad\u0131.<br \/>\n<br \/>Anneler G\u00fcn\u00fc dolay\u0131s\u0131yla \u00fclke genelinde oldu\u011fu gibi Ayd\u0131n\u2019da da kurum ve belediye ekipleri \u00e7e\u015fitli ziyaretler ger\u00e7ekle\u015ftirildi. Bu kapsamda ziyaret program\u0131 d\u00fczenleyen Ayd\u0131n \u0130l Jandarma Komutanl\u0131\u011f\u0131 da \u015fehit annelerini unutmad\u0131. \u0130l genelindeki \u015fehit annelerini ziyaret eden jandarma ekipleri, Anneler G\u00fcn\u00fc\u2019n\u00fc kutlay\u0131p, \u00e7i\u00e7ek takdim etti. Evlatlar\u0131n\u0131 vatan u\u011fruna feda eden anneler ise anlaml\u0131 ziyaretlerinden dolay\u0131 jandarma ekiplerine te\u015fekk\u00fcr etti. Konu ile ilgili Ayd\u0131n \u0130l Jandarma Komutanl\u0131\u011f\u0131\u2019ndan yap\u0131lan payla\u015f\u0131mda &#8220;Aziz \u015fehitlerimizin emaneti olan k\u0131ymetli anneleri ve de\u011ferli e\u015fleri bu anlaml\u0131 g\u00fcnde ziyaret edilerek annelerin elleri \u00f6p\u00fclm\u00fc\u015f, e\u015fleri tebrik edilmi\u015ftir. Kendilerine her zaman yanlar\u0131nda oldu\u011fumuz ifade edilmi\u015f, sevginin ve \u015fefkatin simgesi, dualar\u0131yla bizi koruyup, sar\u0131p sarmalayan fedakar annelerimizin Anneler G\u00fcn\u00fc kutlanm\u0131\u015ft\u0131r&#8221; ifadeleri yer ald\u0131.<br \/><\/p>\n","protected":false},"excerpt":{"rendered":"<p>Ayd\u0131n \u0130l Jandarma Komutanl\u0131\u011f\u0131\u2019na ba\u011fl\u0131 ekipler, \u015fehit annelerini unutmazken, yapt\u0131klar\u0131 ziyaretlerle Anneler G\u00fcn\u00fc\u2019n\u00fc kutlad\u0131. Anneler G\u00fcn\u00fc dolay\u0131s\u0131yla \u00fclke genelinde oldu\u011fu gibi Ayd\u0131n\u2019da da kurum ve belediye ekipleri \u00e7e\u015fitli ziyaretler ger\u00e7ekle\u015ftirildi. Bu kapsamda ziyaret program\u0131 d\u00fczenleyen Ayd\u0131n \u0130l Jandarma Komutanl\u0131\u011f\u0131 da \u015fehit annelerini unutmad\u0131. \u0130l genelindeki \u015fehit annelerini ziyaret eden jandarma ekipleri, Anneler G\u00fcn\u00fc\u2019n\u00fc kutlay\u0131p, \u00e7i\u00e7ek&#8230;<\/p>\n","protected":false},"author":1,"featured_media":27984,"comment_status":"open","ping_status":"open","sticky":false,"template":"","format":"standard","meta":{"_crdt_document":"","footnotes":""},"categories":[1],"tags":[],"class_list":["post-27983","post","type-post","status-publish","format-standard","has-post-thumbnail","hentry","category-guncel"],"_links":{"self":[{"href":"https:\/\/www.egemtv.com\/index.php?rest_route=\/wp\/v2\/posts\/27983","targetHints":{"allow":["GET"]}}],"collection":[{"href":"https:\/\/www.egemtv.com\/index.php?rest_route=\/wp\/v2\/posts"}],"about":[{"href":"https:\/\/www.egemtv.com\/index.php?rest_route=\/wp\/v2\/types\/post"}],"author":[{"embeddable":true,"href":"https:\/\/www.egemtv.com\/index.php?rest_route=\/wp\/v2\/users\/1"}],"replies":[{"embeddable":true,"href":"https:\/\/www.egemtv.com\/index.php?rest_route=%2Fwp%2Fv2%2Fcomments&post=27983"}],"version-history":[{"count":1,"href":"https:\/\/www.egemtv.com\/index.php?rest_route=\/wp\/v2\/posts\/27983\/revisions"}],"predecessor-version":[{"id":27985,"href":"https:\/\/www.egemtv.com\/index.php?rest_route=\/wp\/v2\/posts\/27983\/revisions\/27985"}],"wp:featuredmedia":[{"embeddable":true,"href":"https:\/\/www.egemtv.com\/index.php?rest_route=\/wp\/v2\/media\/27984"}],"wp:attachment":[{"href":"https:\/\/www.egemtv.com\/index.php?rest_route=%2Fwp%2Fv2%2Fmedia&parent=27983"}],"wp:term":[{"taxonomy":"category","embeddable":true,"href":"https:\/\/www.egemtv.com\/index.php?rest_route=%2Fwp%2Fv2%2Fcategories&post=27983"},{"taxonomy":"post_tag","embeddable":true,"href":"https:\/\/www.egemtv.com\/index.php?rest_route=%2Fwp%2Fv2%2Ftags&post=27983"}],"curies":[{"name":"wp","href":"https:\/\/api.w.org\/{rel}","templated":true}]}}