{"id":27974,"date":"2025-05-11T20:56:28","date_gmt":"2025-05-11T17:56:28","guid":{"rendered":"https:\/\/www.egemtv.com\/?p=27974"},"modified":"2025-05-11T20:56:32","modified_gmt":"2025-05-11T17:56:32","slug":"geleneksel-turk-okculugunda-gencler-kutahyada-bulustu","status":"publish","type":"post","link":"https:\/\/www.egemtv.com\/?p=27974","title":{"rendered":"Geleneksel T\u00fcrk ok\u00e7ulu\u011funda gen\u00e7ler K\u00fctahya\u2019da bulu\u015ftu"},"content":{"rendered":"<p>Geleneksel T\u00fcrk sporlar\u0131ndan biri olan ok\u00e7uluk, K\u00fctahya\u2019da gen\u00e7 sporcular\u0131 bir araya getirdi. 2024-2025 e\u011fitim-\u00f6\u011fretim y\u0131l\u0131 Okullar Aras\u0131 Geleneksel T\u00fcrk Ok\u00e7ulu\u011fu Grup M\u00fcsabakalar\u0131, Germiyan Ok\u00e7uluk Tesisleri ve K\u00fctahya Ok Meydan\u0131\u2019nda yo\u011fun kat\u0131l\u0131mla ger\u00e7ekle\u015ftirildi.<br \/>\n<br \/>17 ilden yakla\u015f\u0131k 700 sporcunun kat\u0131l\u0131m sa\u011flad\u0131\u011f\u0131 organizasyonda, K\u00fc\u00e7\u00fckler, Y\u0131ld\u0131zlar, Gen\u00e7ler ve AWB kategorilerinde k\u0131yas\u0131ya m\u00fccadeleler ya\u015fand\u0131. M\u00fcsabakalar sonucunda ferdi ve tak\u0131m olarak ilk 4 dereceyi elde eden sporcular, T\u00fcrkiye finaline kat\u0131lmaya hak kazand\u0131.<br \/>\n<br \/>T\u00fcrkiye Geleneksel T\u00fcrk Ok\u00e7uluk Federasyonu Y\u00f6netim Kurulu \u00dcyesi Selim Erdu\u011fan, etkinli\u011fin ard\u0131ndan yapt\u0131\u011f\u0131 a\u00e7\u0131klamada \u015funlar\u0131 s\u00f6yledi:<br \/>\n<br \/>&#8220;Federasyonumuzun uhdesinde olan K\u00fctahya Ok Meydan\u0131\u2019nday\u0131z. Gen\u00e7lik ve Spor \u0130l M\u00fcd\u00fcr\u00fcm\u00fcz\u00fcn d\u00fczenledi\u011fi bu \u00f6nemli yar\u0131\u015fmada 17 ilden yakla\u015f\u0131k 700 sporcu yer ald\u0131. Temmuz ay\u0131nda burada T\u00fcrkiye \u015eampiyonas\u0131 yap\u0131lacak. Yar\u0131\u015fmalar sonras\u0131 bu b\u00fcy\u00fck organizasyona haz\u0131rlanaca\u011f\u0131z. K\u00fctahya, T\u00fcrkiye\u2019deki 90 ok meydan\u0131ndan birine ev sahipli\u011fi yap\u0131yor. 15 y\u0131ld\u0131r bu topraklarda Geleneksel T\u00fcrk Ok\u00e7ulu\u011fu i\u00e7in emek veriyoruz. Tarihi 1521 y\u0131l\u0131na dayanan Miralay Mahmut A\u011fa ve Sinan Suba\u015f\u0131\u2019n\u0131n menzil ta\u015flar\u0131n\u0131n bulundu\u011fu bu alanda yar\u0131\u015fmalar\u0131 ger\u00e7ekle\u015ftirmek ayr\u0131ca anlaml\u0131. Bug\u00fcn \u00e7ocuklar\u0131m\u0131zla adeta bir \u00e7i\u00e7ek bah\u00e7esindeyiz, \u00e7ok mutluyuz.&#8221;<br \/>\n<br \/>K\u00fctahya Gen\u00e7lik ve Spor \u0130l M\u00fcd\u00fcrl\u00fc\u011f\u00fc \u015eube M\u00fcd\u00fcr\u00fc Yusuf Tuyan da organizasyona ili\u015fkin \u015fu a\u00e7\u0131klamalarda bulundu: &#8220;M\u00fcsabakalara kat\u0131l\u0131m \u00e7ok y\u00fcksek oldu. Ferdi ve tak\u0131m olarak ilk 4\u2019e giren sporcular T\u00fcrkiye finalinde ilimizi temsil edecekler. Kendilerine \u015fimdiden ba\u015far\u0131lar diliyoruz.&#8221;<br \/>\n<br \/>Etkinli\u011fe kat\u0131lan iller \u015funlard\u0131: Bal\u0131kesir, Bilecik, Bursa, Eski\u015fehir, \u0130stanbul, Kocaeli, Manisa, Sakarya, Zonguldak, Karab\u00fck, Yalova, K\u00fctahya, Konya, Ankara, Afyonkarahisar, Bolu.<br \/><\/p>\n","protected":false},"excerpt":{"rendered":"<p>Geleneksel T\u00fcrk sporlar\u0131ndan biri olan ok\u00e7uluk, K\u00fctahya\u2019da gen\u00e7 sporcular\u0131 bir araya getirdi. 2024-2025 e\u011fitim-\u00f6\u011fretim y\u0131l\u0131 Okullar Aras\u0131 Geleneksel T\u00fcrk Ok\u00e7ulu\u011fu Grup M\u00fcsabakalar\u0131, Germiyan Ok\u00e7uluk Tesisleri ve K\u00fctahya Ok Meydan\u0131\u2019nda yo\u011fun kat\u0131l\u0131mla ger\u00e7ekle\u015ftirildi. 17 ilden yakla\u015f\u0131k 700 sporcunun kat\u0131l\u0131m sa\u011flad\u0131\u011f\u0131 organizasyonda, K\u00fc\u00e7\u00fckler, Y\u0131ld\u0131zlar, Gen\u00e7ler ve AWB kategorilerinde k\u0131yas\u0131ya m\u00fccadeleler ya\u015fand\u0131. M\u00fcsabakalar sonucunda ferdi ve tak\u0131m olarak&#8230;<\/p>\n","protected":false},"author":1,"featured_media":27975,"comment_status":"open","ping_status":"open","sticky":false,"template":"","format":"standard","meta":{"_crdt_document":"","footnotes":""},"categories":[4],"tags":[],"class_list":["post-27974","post","type-post","status-publish","format-standard","has-post-thumbnail","hentry","category-spor"],"_links":{"self":[{"href":"https:\/\/www.egemtv.com\/index.php?rest_route=\/wp\/v2\/posts\/27974","targetHints":{"allow":["GET"]}}],"collection":[{"href":"https:\/\/www.egemtv.com\/index.php?rest_route=\/wp\/v2\/posts"}],"about":[{"href":"https:\/\/www.egemtv.com\/index.php?rest_route=\/wp\/v2\/types\/post"}],"author":[{"embeddable":true,"href":"https:\/\/www.egemtv.com\/index.php?rest_route=\/wp\/v2\/users\/1"}],"replies":[{"embeddable":true,"href":"https:\/\/www.egemtv.com\/index.php?rest_route=%2Fwp%2Fv2%2Fcomments&post=27974"}],"version-history":[{"count":1,"href":"https:\/\/www.egemtv.com\/index.php?rest_route=\/wp\/v2\/posts\/27974\/revisions"}],"predecessor-version":[{"id":27976,"href":"https:\/\/www.egemtv.com\/index.php?rest_route=\/wp\/v2\/posts\/27974\/revisions\/27976"}],"wp:featuredmedia":[{"embeddable":true,"href":"https:\/\/www.egemtv.com\/index.php?rest_route=\/wp\/v2\/media\/27975"}],"wp:attachment":[{"href":"https:\/\/www.egemtv.com\/index.php?rest_route=%2Fwp%2Fv2%2Fmedia&parent=27974"}],"wp:term":[{"taxonomy":"category","embeddable":true,"href":"https:\/\/www.egemtv.com\/index.php?rest_route=%2Fwp%2Fv2%2Fcategories&post=27974"},{"taxonomy":"post_tag","embeddable":true,"href":"https:\/\/www.egemtv.com\/index.php?rest_route=%2Fwp%2Fv2%2Ftags&post=27974"}],"curies":[{"name":"wp","href":"https:\/\/api.w.org\/{rel}","templated":true}]}}