{"id":27971,"date":"2025-05-11T20:16:03","date_gmt":"2025-05-11T17:16:03","guid":{"rendered":"https:\/\/www.egemtv.com\/?p=27971"},"modified":"2025-05-11T20:16:07","modified_gmt":"2025-05-11T17:16:07","slug":"baskan-surucu-cok-nadir-ve-onemli-bir-turu-daha-kaybettik","status":"publish","type":"post","link":"https:\/\/www.egemtv.com\/?p=27971","title":{"rendered":"Ba\u015fkan S\u00fcr\u00fcc\u00fc: &#8220;\u00c7ok nadir ve \u00f6nemli bir t\u00fcr\u00fc daha kaybettik&#8221;"},"content":{"rendered":"<p>T\u00fcrkiye\u2019de ve d\u00fcnyada pop\u00fclasyonu h\u0131zla azalan nadir t\u00fcrlerden biri olan Saz Kedisi (Felis chaus), bir kez daha insan kaynakl\u0131 bir tehdit sonucu yok oldu. Latmos Bisiklet Grubu \u00fcyelerinin ihbar\u0131 \u00fczerine, S\u00f6ke-Milas karayolunda gece bir ara\u00e7 taraf\u0131ndan \u00e7arp\u0131lan di\u015fi bir Saz Kedisi \u00f6l\u00fc bulundu.<br \/>\n<br \/>2022 y\u0131l\u0131nda ate\u015fli silahla \u00f6ld\u00fcr\u00fclen ba\u015fka bir di\u015fi Saz Kedisi\u2019nin ard\u0131ndan, ayn\u0131 b\u00f6lgede ya\u015fanan bu ikinci kay\u0131p, t\u00fcr\u00fcn gelece\u011fi a\u00e7\u0131s\u0131ndan b\u00fcy\u00fck endi\u015fe olu\u015ftururken, Do\u011fa Koruma ve Milli Parklar Ayd\u0131n \u015eube M\u00fcd\u00fcrl\u00fc\u011f\u00fc\u2019n\u00fcn deste\u011fiyle Dr. Deniz Meng\u00fcll\u00fco\u011flu\u2019nun GPS vericili tasma ile takip etti\u011fi 2 erkek bireyin hareket alanlar\u0131 Bafa G\u00f6l\u00fc, Latmos (Be\u015fparmak) Da\u011flar\u0131\u2019n\u0131n g\u00fcney yama\u00e7lar\u0131, S\u00f6ke Ovas\u0131 ve B\u00fcy\u00fck Menderes Deltas\u0131\u2019na kadar uzan\u0131yor. Her y\u0131l yap\u0131lan izleme \u00e7al\u0131\u015fmalar\u0131nda, S\u00f6ke-Milas karayolunda bir\u00e7ok farkl\u0131 yaban hayvan\u0131n\u0131n ara\u00e7 \u00e7arpmas\u0131 sonucu hayat\u0131n\u0131 kaybetti\u011fi belgeleniyor. Ba\u015fta Saz Kedisi ve Su Samuru olmak \u00fczere, yakla\u015f\u0131k 400\u2019e yak\u0131n yaban hayvan\u0131n\u0131n bu yolda can verdi\u011fi tahmin ediliyor. Samson Da\u011flar\u0131, B\u00fcy\u00fck Menderes Deltas\u0131, Bafa ve Azap G\u00f6lleri ile Latmos Da\u011flar\u0131 aras\u0131nda yer alan ekosistemler s\u00fcrekli bir etkile\u015fim i\u00e7inde. Yaban hayvanlar\u0131 bu alanlar aras\u0131nda beslenme ve \u00fcreme ama\u00e7l\u0131 ge\u00e7i\u015f yaparken, karayolu bu ge\u00e7i\u015fi adeta kesiyor. S\u00f6ke Ovas\u0131\u2019n\u0131 ikiye b\u00f6len S\u00f6ke-Milas karayolu, \u00f6zellikle gece saatlerinde yaban hayvanlar\u0131 i\u00e7in \u00f6l\u00fcmc\u00fcl bir tuza\u011fa d\u00f6n\u00fc\u015f\u00fcyor. Y\u0131llard\u0131r uyar\u0131lara ra\u011fmen Karayollar\u0131 Genel M\u00fcd\u00fcrl\u00fc\u011f\u00fc taraf\u0131ndan sadece s\u00fcr\u00fcc\u00fcleri uyaran tabelalarla yetinilmi\u015f, yap\u0131sal bir \u00f6nlem al\u0131nmam\u0131\u015ft\u0131r. Ekolojik k\u00f6pr\u00fc yap\u0131lmas\u0131n\u0131n m\u00fcmk\u00fcn olmad\u0131\u011f\u0131 bu d\u00fcz ovada, karayolu alt\u0131nda mevcut olan menfezlerin yaban hayat\u0131na uygun haz\u0131rlanmal\u0131, ge\u00e7i\u015f g\u00fcvenli\u011fi sa\u011flayacak ve bu t\u00fcr kay\u0131plar\u0131n \u00f6n\u00fcne ge\u00e7ecektir. S\u00f6ke, Milas, Didim, Bodrum ve Ku\u015fadas\u0131 gibi \u00f6nemli turizm kentlerini birbirine ba\u011flayan bu yol g\u00fczergah\u0131nda, hem s\u00fcr\u00fcc\u00fclerin hem de yaban hayvanlar\u0131n\u0131n can g\u00fcvenli\u011fi i\u00e7in acilen \u00e7\u00f6z\u00fcm \u00fcretilmesi gerekmektedir. Ekosistemi Koruma ve Do\u011fa Sevenler Derne\u011fi Ba\u015fkan\u0131 Bahattin S\u00fcr\u00fcc\u00fc, Karayollar\u0131 Genel M\u00fcd\u00fcrl\u00fc\u011f\u00fc\u2019ne \u00e7a\u011fr\u0131da bulunarak &#8220;Menfezler yaban hayat\u0131 ge\u00e7i\u015fine uygun haz\u0131rlanmal\u0131, ekolojik s\u00fcrd\u00fcr\u00fclebilirlik sa\u011flanmal\u0131 ve T\u00fcrkiye\u2019nin yaban hayat\u0131na verdi\u011fi de\u011fer t\u00fcm d\u00fcnyaya g\u00f6sterilmelidir&#8221; \u015feklinde konu\u015ftu.<br \/><\/p>\n","protected":false},"excerpt":{"rendered":"<p>T\u00fcrkiye\u2019de ve d\u00fcnyada pop\u00fclasyonu h\u0131zla azalan nadir t\u00fcrlerden biri olan Saz Kedisi (Felis chaus), bir kez daha insan kaynakl\u0131 bir tehdit sonucu yok oldu. Latmos Bisiklet Grubu \u00fcyelerinin ihbar\u0131 \u00fczerine, S\u00f6ke-Milas karayolunda gece bir ara\u00e7 taraf\u0131ndan \u00e7arp\u0131lan di\u015fi bir Saz Kedisi \u00f6l\u00fc bulundu. 2022 y\u0131l\u0131nda ate\u015fli silahla \u00f6ld\u00fcr\u00fclen ba\u015fka bir di\u015fi Saz Kedisi\u2019nin ard\u0131ndan, ayn\u0131&#8230;<\/p>\n","protected":false},"author":1,"featured_media":27972,"comment_status":"open","ping_status":"open","sticky":false,"template":"","format":"standard","meta":{"_crdt_document":"","footnotes":""},"categories":[1],"tags":[],"class_list":["post-27971","post","type-post","status-publish","format-standard","has-post-thumbnail","hentry","category-guncel"],"_links":{"self":[{"href":"https:\/\/www.egemtv.com\/index.php?rest_route=\/wp\/v2\/posts\/27971","targetHints":{"allow":["GET"]}}],"collection":[{"href":"https:\/\/www.egemtv.com\/index.php?rest_route=\/wp\/v2\/posts"}],"about":[{"href":"https:\/\/www.egemtv.com\/index.php?rest_route=\/wp\/v2\/types\/post"}],"author":[{"embeddable":true,"href":"https:\/\/www.egemtv.com\/index.php?rest_route=\/wp\/v2\/users\/1"}],"replies":[{"embeddable":true,"href":"https:\/\/www.egemtv.com\/index.php?rest_route=%2Fwp%2Fv2%2Fcomments&post=27971"}],"version-history":[{"count":1,"href":"https:\/\/www.egemtv.com\/index.php?rest_route=\/wp\/v2\/posts\/27971\/revisions"}],"predecessor-version":[{"id":27973,"href":"https:\/\/www.egemtv.com\/index.php?rest_route=\/wp\/v2\/posts\/27971\/revisions\/27973"}],"wp:featuredmedia":[{"embeddable":true,"href":"https:\/\/www.egemtv.com\/index.php?rest_route=\/wp\/v2\/media\/27972"}],"wp:attachment":[{"href":"https:\/\/www.egemtv.com\/index.php?rest_route=%2Fwp%2Fv2%2Fmedia&parent=27971"}],"wp:term":[{"taxonomy":"category","embeddable":true,"href":"https:\/\/www.egemtv.com\/index.php?rest_route=%2Fwp%2Fv2%2Fcategories&post=27971"},{"taxonomy":"post_tag","embeddable":true,"href":"https:\/\/www.egemtv.com\/index.php?rest_route=%2Fwp%2Fv2%2Ftags&post=27971"}],"curies":[{"name":"wp","href":"https:\/\/api.w.org\/{rel}","templated":true}]}}