{"id":27965,"date":"2025-05-11T19:56:16","date_gmt":"2025-05-11T16:56:16","guid":{"rendered":"https:\/\/www.egemtv.com\/?p=27965"},"modified":"2025-05-11T19:56:20","modified_gmt":"2025-05-11T16:56:20","slug":"burdurda-prizde-unutulan-utu-yangina-neden-oldu","status":"publish","type":"post","link":"https:\/\/www.egemtv.com\/?p=27965","title":{"rendered":"Burdur\u2019da prizde unutulan \u00fct\u00fc yang\u0131na neden oldu"},"content":{"rendered":"<p>Burdur\u2019da bir apartman dairesinde prizde unutulan \u00fct\u00fc yang\u0131n \u00e7\u0131kard\u0131. Yang\u0131n itfaiye ekiplerince k\u0131sa s\u00fcrede s\u00f6nd\u00fcr\u00fcl\u00fcrken, evde maddi hasar olu\u015ftu.<br \/>\n<br \/>Yang\u0131n, ak\u015fam saatlerinde Burdur Merkez\u2019e ba\u011fl\u0131 Zafer Mahallesi Zafer Sokak\u2019ta bulunan bir apartman dairesinde meydana geldi. Edinilen bilgilere g\u00f6re, K\u00fcbra B.\u2019nin ikamet etti\u011fi dairede prizde tak\u0131l\u0131 unutulan \u00fct\u00fc biranda alev ald\u0131. Evde alevlerin y\u00fckseldi\u011fini fark eden ev sahibi, durumu hemen 112 Acil \u00c7a\u011fr\u0131 Merkezi\u2019ne bildirdi. \u0130hbar \u00fczerine olay yerine itfaiye ve sa\u011fl\u0131k ekipleri sevk edildi. K\u0131sa s\u00fcrede olay yerine ula\u015fan itfaiye ekipleri, yang\u0131na m\u00fcdahale ederek alevleri b\u00fcy\u00fcmeden s\u00f6nd\u00fcrd\u00fc. Yang\u0131nda evde maddi hasar meydana geldi.<br \/><\/p>\n","protected":false},"excerpt":{"rendered":"<p>Burdur\u2019da bir apartman dairesinde prizde unutulan \u00fct\u00fc yang\u0131n \u00e7\u0131kard\u0131. Yang\u0131n itfaiye ekiplerince k\u0131sa s\u00fcrede s\u00f6nd\u00fcr\u00fcl\u00fcrken, evde maddi hasar olu\u015ftu. Yang\u0131n, ak\u015fam saatlerinde Burdur Merkez\u2019e ba\u011fl\u0131 Zafer Mahallesi Zafer Sokak\u2019ta bulunan bir apartman dairesinde meydana geldi. Edinilen bilgilere g\u00f6re, K\u00fcbra B.\u2019nin ikamet etti\u011fi dairede prizde tak\u0131l\u0131 unutulan \u00fct\u00fc biranda alev ald\u0131. Evde alevlerin y\u00fckseldi\u011fini fark eden&#8230;<\/p>\n","protected":false},"author":1,"featured_media":27966,"comment_status":"open","ping_status":"open","sticky":false,"template":"","format":"standard","meta":{"_crdt_document":"","footnotes":""},"categories":[5],"tags":[],"class_list":["post-27965","post","type-post","status-publish","format-standard","has-post-thumbnail","hentry","category-asayis"],"_links":{"self":[{"href":"https:\/\/www.egemtv.com\/index.php?rest_route=\/wp\/v2\/posts\/27965","targetHints":{"allow":["GET"]}}],"collection":[{"href":"https:\/\/www.egemtv.com\/index.php?rest_route=\/wp\/v2\/posts"}],"about":[{"href":"https:\/\/www.egemtv.com\/index.php?rest_route=\/wp\/v2\/types\/post"}],"author":[{"embeddable":true,"href":"https:\/\/www.egemtv.com\/index.php?rest_route=\/wp\/v2\/users\/1"}],"replies":[{"embeddable":true,"href":"https:\/\/www.egemtv.com\/index.php?rest_route=%2Fwp%2Fv2%2Fcomments&post=27965"}],"version-history":[{"count":1,"href":"https:\/\/www.egemtv.com\/index.php?rest_route=\/wp\/v2\/posts\/27965\/revisions"}],"predecessor-version":[{"id":27967,"href":"https:\/\/www.egemtv.com\/index.php?rest_route=\/wp\/v2\/posts\/27965\/revisions\/27967"}],"wp:featuredmedia":[{"embeddable":true,"href":"https:\/\/www.egemtv.com\/index.php?rest_route=\/wp\/v2\/media\/27966"}],"wp:attachment":[{"href":"https:\/\/www.egemtv.com\/index.php?rest_route=%2Fwp%2Fv2%2Fmedia&parent=27965"}],"wp:term":[{"taxonomy":"category","embeddable":true,"href":"https:\/\/www.egemtv.com\/index.php?rest_route=%2Fwp%2Fv2%2Fcategories&post=27965"},{"taxonomy":"post_tag","embeddable":true,"href":"https:\/\/www.egemtv.com\/index.php?rest_route=%2Fwp%2Fv2%2Ftags&post=27965"}],"curies":[{"name":"wp","href":"https:\/\/api.w.org\/{rel}","templated":true}]}}