{"id":27962,"date":"2025-05-11T19:56:12","date_gmt":"2025-05-11T16:56:12","guid":{"rendered":"https:\/\/www.egemtv.com\/?p=27962"},"modified":"2025-05-11T19:56:16","modified_gmt":"2025-05-11T16:56:16","slug":"burdurda-kamyonet-ile-otomobil-carpisti-3-yarali","status":"publish","type":"post","link":"https:\/\/www.egemtv.com\/?p=27962","title":{"rendered":"Burdur\u2019da kamyonet ile otomobil \u00e7arp\u0131\u015ft\u0131: 3 yaral\u0131"},"content":{"rendered":"<p>Burdur\u2019un Bucak il\u00e7esinde kamyonet ile otomobilin \u00e7arp\u0131\u015fmas\u0131 sonucu ayn\u0131 aileden 2\u2019si \u00e7ocuk 3 ki\u015fi yaraland\u0131.<br \/>\n<br \/>Kaza, \u00f6\u011fle saatlerinde Be\u015fkonak k\u00f6y\u00fcnde meydana geldi. Edinilen bilgilere g\u00f6re, Seyit \u00d6. (31) y\u00f6netimindeki 15 AAR 630 plakal\u0131 kamyonet ile Hasan D. (41) idaresindeki 07 AOR 104 plakal\u0131 otomobil \u00e7arp\u0131\u015ft\u0131. \u00c7arp\u0131\u015fman\u0131n etkisiyle otomobilde bulunan Bet\u00fcl D. (39), Zeynep Huma D. (11) ve Mehmet Sadi D. (5) yaraland\u0131. Kazay\u0131 g\u00f6ren vatanda\u015flar\u0131n ihbar\u0131 \u00fczerine olay yerine jandarma ve sa\u011fl\u0131k ekipleri sevk edildi. \u0130lk m\u00fcdahalenin ard\u0131ndan yaral\u0131lar ambulansla Bucak Devlet Hastanesi\u2019ne kald\u0131r\u0131ld\u0131.<\/p>\n<p>\u2019Yak\u0131n takip\u2019te bulundu\u011fu tespit edildi<br \/>\n<br \/>Polis ekiplerinin olay yerinde yapt\u0131\u011f\u0131 ilk incelemede, kamyonet s\u00fcr\u00fcc\u00fcs\u00fc Seyit \u00d6.\u2019n\u00fcn \u00f6ndeki araca yeterli mesafeyi b\u0131rakmadan takip etti\u011fi tespit edildi. Kazayla ilgili geni\u015f \u00e7apl\u0131 inceleme ba\u015flat\u0131ld\u0131\u011f\u0131 bildirildi.<br \/><\/p>\n","protected":false},"excerpt":{"rendered":"<p>Burdur\u2019un Bucak il\u00e7esinde kamyonet ile otomobilin \u00e7arp\u0131\u015fmas\u0131 sonucu ayn\u0131 aileden 2\u2019si \u00e7ocuk 3 ki\u015fi yaraland\u0131. Kaza, \u00f6\u011fle saatlerinde Be\u015fkonak k\u00f6y\u00fcnde meydana geldi. Edinilen bilgilere g\u00f6re, Seyit \u00d6. (31) y\u00f6netimindeki 15 AAR 630 plakal\u0131 kamyonet ile Hasan D. (41) idaresindeki 07 AOR 104 plakal\u0131 otomobil \u00e7arp\u0131\u015ft\u0131. \u00c7arp\u0131\u015fman\u0131n etkisiyle otomobilde bulunan Bet\u00fcl D. (39), Zeynep Huma D&#8230;.<\/p>\n","protected":false},"author":1,"featured_media":27963,"comment_status":"open","ping_status":"open","sticky":false,"template":"","format":"standard","meta":{"_crdt_document":"","footnotes":""},"categories":[5],"tags":[],"class_list":["post-27962","post","type-post","status-publish","format-standard","has-post-thumbnail","hentry","category-asayis"],"_links":{"self":[{"href":"https:\/\/www.egemtv.com\/index.php?rest_route=\/wp\/v2\/posts\/27962","targetHints":{"allow":["GET"]}}],"collection":[{"href":"https:\/\/www.egemtv.com\/index.php?rest_route=\/wp\/v2\/posts"}],"about":[{"href":"https:\/\/www.egemtv.com\/index.php?rest_route=\/wp\/v2\/types\/post"}],"author":[{"embeddable":true,"href":"https:\/\/www.egemtv.com\/index.php?rest_route=\/wp\/v2\/users\/1"}],"replies":[{"embeddable":true,"href":"https:\/\/www.egemtv.com\/index.php?rest_route=%2Fwp%2Fv2%2Fcomments&post=27962"}],"version-history":[{"count":1,"href":"https:\/\/www.egemtv.com\/index.php?rest_route=\/wp\/v2\/posts\/27962\/revisions"}],"predecessor-version":[{"id":27964,"href":"https:\/\/www.egemtv.com\/index.php?rest_route=\/wp\/v2\/posts\/27962\/revisions\/27964"}],"wp:featuredmedia":[{"embeddable":true,"href":"https:\/\/www.egemtv.com\/index.php?rest_route=\/wp\/v2\/media\/27963"}],"wp:attachment":[{"href":"https:\/\/www.egemtv.com\/index.php?rest_route=%2Fwp%2Fv2%2Fmedia&parent=27962"}],"wp:term":[{"taxonomy":"category","embeddable":true,"href":"https:\/\/www.egemtv.com\/index.php?rest_route=%2Fwp%2Fv2%2Fcategories&post=27962"},{"taxonomy":"post_tag","embeddable":true,"href":"https:\/\/www.egemtv.com\/index.php?rest_route=%2Fwp%2Fv2%2Ftags&post=27962"}],"curies":[{"name":"wp","href":"https:\/\/api.w.org\/{rel}","templated":true}]}}