{"id":27959,"date":"2025-05-11T19:56:07","date_gmt":"2025-05-11T16:56:07","guid":{"rendered":"https:\/\/www.egemtv.com\/?p=27959"},"modified":"2025-05-11T19:56:12","modified_gmt":"2025-05-11T16:56:12","slug":"baskan-balaban-sehit-anneleriyle-bir-araya-geldi","status":"publish","type":"post","link":"https:\/\/www.egemtv.com\/?p=27959","title":{"rendered":"Ba\u015fkan Balaban \u015fehit anneleriyle bir araya geldi"},"content":{"rendered":"<p>Yunusemre Belediyesi, Anneler G\u00fcn\u00fc\u2019nde \u015fehit annelerini unutmad\u0131. Belediye Ba\u015fkan\u0131 Semih Balaban ve beraberindeki heyet, fedak\u00e2r anneleri bu \u00f6zel g\u00fcnde yaln\u0131z b\u0131rakmad\u0131.<br \/>\n<br \/>Yunusemre Belediyesi, Anneler G\u00fcn\u00fc\u2019nde \u015fehit ailelerini yaln\u0131z b\u0131rakmad\u0131. Belediye Ba\u015fkan\u0131 Semih Balaban ve ba\u015fkan yard\u0131mc\u0131lar\u0131 \u015fehit annelerini bu \u00f6zel g\u00fcnde ziyaret ederek g\u00fcnlerini kutlad\u0131. Belediye Ba\u015fkan\u0131 Semih Balaban, 1992 y\u0131l\u0131nda \u015fehit olan Ahmet Ho\u015fg\u00f6k\u00e7en\u2019in ailesi G\u00fcl\u015fen-Mustafa Ho\u015fg\u00f6k\u00e7en\u2019i evinde ziyaret ederek Anneler G\u00fcn\u00fc\u2019n\u00fc kutlad\u0131. Ziyarette Ba\u015fkan Balaban\u2019a e\u015fi Serap Balaban ve \u00d6zel Kalem M\u00fcd\u00fcr\u00fc Seyit Ali \u00d6zmen e\u015flik etti. \u015eehit annesiyle yak\u0131ndan ilgilenen Ba\u015fkan Balaban, &#8220;Sizler bu vatan i\u00e7in en k\u0131ymetli varl\u0131klar\u0131n\u0131z\u0131 feda ettiniz. Her zaman yan\u0131n\u0131zda olmaya devam edece\u011fiz&#8221; ifadelerini kulland\u0131. Ziyaretten b\u00fcy\u00fck memnuniyet duydu\u011funu dile getiren G\u00fcl\u015fen Ho\u015fg\u00f6k\u00e7en ise Ba\u015fkan Balaban\u2019a ve ekibine te\u015fekk\u00fcr etti. Ziyaretler kapsam\u0131nda Ba\u015fkan Yard\u0131mc\u0131s\u0131 Emine \u00d6zge Arslan ve Mehmet Mesut Do\u011fan, \u015eehit Ahmet G\u00fcre\u015f\u2019in ailesi Fatma ve Ya\u015far Mehmet G\u00fcre\u015f\u2019i, Ba\u015fkan Yard\u0131mc\u0131s\u0131 Haydar \u0130zci, \u015eehit Mehmet Savunmaz\u2019\u0131n ablas\u0131 Fatma Ta\u015fc\u0131\u2019y\u0131,  Ba\u015fkan Yard\u0131mc\u0131s\u0131 Mehmet Mesut Do\u011fan, \u015eehit Co\u015fkun Turan\u2019\u0131n annesi M\u00fcjgan Turan\u2019\u0131, Ba\u015fkan Dan\u0131\u015fman\u0131 Cengiz Balkan, \u015eehit Ferhat Alaka\u015f\u2019\u0131n ailesi Aysel ve \u0130smet Alaka\u015f ile bir araya geldi. Ziyaretlere CHP Yunusemre \u0130l\u00e7e Ba\u015fkan\u0131 Mehmet Arslan, belediye meclis \u00fcyeleri ve partililer de e\u015flik ederek \u015fehit annelerinin Anneler G\u00fcn\u00fc\u2019n\u00fc kutlad\u0131.<br \/><\/p>\n","protected":false},"excerpt":{"rendered":"<p>Yunusemre Belediyesi, Anneler G\u00fcn\u00fc\u2019nde \u015fehit annelerini unutmad\u0131. Belediye Ba\u015fkan\u0131 Semih Balaban ve beraberindeki heyet, fedak\u00e2r anneleri bu \u00f6zel g\u00fcnde yaln\u0131z b\u0131rakmad\u0131. Yunusemre Belediyesi, Anneler G\u00fcn\u00fc\u2019nde \u015fehit ailelerini yaln\u0131z b\u0131rakmad\u0131. Belediye Ba\u015fkan\u0131 Semih Balaban ve ba\u015fkan yard\u0131mc\u0131lar\u0131 \u015fehit annelerini bu \u00f6zel g\u00fcnde ziyaret ederek g\u00fcnlerini kutlad\u0131. Belediye Ba\u015fkan\u0131 Semih Balaban, 1992 y\u0131l\u0131nda \u015fehit olan Ahmet Ho\u015fg\u00f6k\u00e7en\u2019in&#8230;<\/p>\n","protected":false},"author":1,"featured_media":27960,"comment_status":"open","ping_status":"open","sticky":false,"template":"","format":"standard","meta":{"_crdt_document":"","footnotes":""},"categories":[123],"tags":[],"class_list":["post-27959","post","type-post","status-publish","format-standard","has-post-thumbnail","hentry","category-gundem"],"_links":{"self":[{"href":"https:\/\/www.egemtv.com\/index.php?rest_route=\/wp\/v2\/posts\/27959","targetHints":{"allow":["GET"]}}],"collection":[{"href":"https:\/\/www.egemtv.com\/index.php?rest_route=\/wp\/v2\/posts"}],"about":[{"href":"https:\/\/www.egemtv.com\/index.php?rest_route=\/wp\/v2\/types\/post"}],"author":[{"embeddable":true,"href":"https:\/\/www.egemtv.com\/index.php?rest_route=\/wp\/v2\/users\/1"}],"replies":[{"embeddable":true,"href":"https:\/\/www.egemtv.com\/index.php?rest_route=%2Fwp%2Fv2%2Fcomments&post=27959"}],"version-history":[{"count":1,"href":"https:\/\/www.egemtv.com\/index.php?rest_route=\/wp\/v2\/posts\/27959\/revisions"}],"predecessor-version":[{"id":27961,"href":"https:\/\/www.egemtv.com\/index.php?rest_route=\/wp\/v2\/posts\/27959\/revisions\/27961"}],"wp:featuredmedia":[{"embeddable":true,"href":"https:\/\/www.egemtv.com\/index.php?rest_route=\/wp\/v2\/media\/27960"}],"wp:attachment":[{"href":"https:\/\/www.egemtv.com\/index.php?rest_route=%2Fwp%2Fv2%2Fmedia&parent=27959"}],"wp:term":[{"taxonomy":"category","embeddable":true,"href":"https:\/\/www.egemtv.com\/index.php?rest_route=%2Fwp%2Fv2%2Fcategories&post=27959"},{"taxonomy":"post_tag","embeddable":true,"href":"https:\/\/www.egemtv.com\/index.php?rest_route=%2Fwp%2Fv2%2Ftags&post=27959"}],"curies":[{"name":"wp","href":"https:\/\/api.w.org\/{rel}","templated":true}]}}