{"id":27956,"date":"2025-05-11T19:56:03","date_gmt":"2025-05-11T16:56:03","guid":{"rendered":"https:\/\/www.egemtv.com\/?p=27956"},"modified":"2025-05-11T19:56:06","modified_gmt":"2025-05-11T16:56:06","slug":"selendi-chp-tarlada-calisan-anneleri-yalniz-birakmadi","status":"publish","type":"post","link":"https:\/\/www.egemtv.com\/?p=27956","title":{"rendered":"Selendi CHP tarlada \u00e7al\u0131\u015fan anneleri yaln\u0131z b\u0131rakmad\u0131"},"content":{"rendered":"<p>Manisa\u2019n\u0131n Selendi il\u00e7esinde Cumhuriyet Halk Partisi Selendi \u0130l\u00e7e Ba\u015fkan\u0131 Selim Kurt ve Kad\u0131n Kollar\u0131 Ba\u015fkan\u0131 Emine Ba\u015fak, Anneler G\u00fcn\u00fc dolay\u0131s\u0131yla tarlada \u00e7al\u0131\u015fan kad\u0131nlar\u0131 ziyaret ederek g\u00fcnlerini kutlad\u0131.<br \/>\n<br \/>Selendi CHP \u0130l\u00e7e Ba\u015fkan\u0131 Selim Kurt, Kad\u0131n Kollar\u0131 Ba\u015fkan\u0131 Emine Ba\u015fak ve Partililer Anneler G\u00fcn\u00fc dolay\u0131s\u0131yla i\u015fyerlerinde ve tarlalarda \u00e7al\u0131\u015fan kad\u0131nlar\u0131 ziyaret ederek onlara \u00e7e\u015fitli hediyeler verdiler. Anneler g\u00fcn\u00fc dolay\u0131s\u0131yla annelerle bir araya gelen CHP \u0130l\u00e7e Ba\u015fkan\u0131 Selim Kurt, &#8220;Hayat\u0131m\u0131z\u0131n her an\u0131nda yan\u0131m\u0131zda olan, fedak\u00e2rl\u0131klar\u0131yla bizleri b\u00fcy\u00fcten annelerimizin sadece bug\u00fcn de\u011fil, her g\u00fcn k\u0131ymetini bilmeliyiz&#8221; dedi.<br \/>\n<br \/>Tarla da \u00e7al\u0131\u015fan kad\u0131nlar\u0131 ziyaret s\u0131ras\u0131nda kad\u0131n \u00e7al\u0131\u015fanlarla sohbet eden ve onlara yard\u0131m eden Ba\u015fkan Kurt ve Kad\u0131n Kollar\u0131 Ba\u015fkan\u0131 Ba\u015fak, emek veren t\u00fcm kad\u0131nlar\u0131n her zaman destek\u00e7isi olacaklar\u0131n\u0131 vurgulad\u0131lar.<br \/><\/p>\n","protected":false},"excerpt":{"rendered":"<p>Manisa\u2019n\u0131n Selendi il\u00e7esinde Cumhuriyet Halk Partisi Selendi \u0130l\u00e7e Ba\u015fkan\u0131 Selim Kurt ve Kad\u0131n Kollar\u0131 Ba\u015fkan\u0131 Emine Ba\u015fak, Anneler G\u00fcn\u00fc dolay\u0131s\u0131yla tarlada \u00e7al\u0131\u015fan kad\u0131nlar\u0131 ziyaret ederek g\u00fcnlerini kutlad\u0131. Selendi CHP \u0130l\u00e7e Ba\u015fkan\u0131 Selim Kurt, Kad\u0131n Kollar\u0131 Ba\u015fkan\u0131 Emine Ba\u015fak ve Partililer Anneler G\u00fcn\u00fc dolay\u0131s\u0131yla i\u015fyerlerinde ve tarlalarda \u00e7al\u0131\u015fan kad\u0131nlar\u0131 ziyaret ederek onlara \u00e7e\u015fitli hediyeler verdiler. Anneler&#8230;<\/p>\n","protected":false},"author":1,"featured_media":27957,"comment_status":"open","ping_status":"open","sticky":false,"template":"","format":"standard","meta":{"_crdt_document":"","footnotes":""},"categories":[127],"tags":[],"class_list":["post-27956","post","type-post","status-publish","format-standard","has-post-thumbnail","hentry","category-siyaset"],"_links":{"self":[{"href":"https:\/\/www.egemtv.com\/index.php?rest_route=\/wp\/v2\/posts\/27956","targetHints":{"allow":["GET"]}}],"collection":[{"href":"https:\/\/www.egemtv.com\/index.php?rest_route=\/wp\/v2\/posts"}],"about":[{"href":"https:\/\/www.egemtv.com\/index.php?rest_route=\/wp\/v2\/types\/post"}],"author":[{"embeddable":true,"href":"https:\/\/www.egemtv.com\/index.php?rest_route=\/wp\/v2\/users\/1"}],"replies":[{"embeddable":true,"href":"https:\/\/www.egemtv.com\/index.php?rest_route=%2Fwp%2Fv2%2Fcomments&post=27956"}],"version-history":[{"count":1,"href":"https:\/\/www.egemtv.com\/index.php?rest_route=\/wp\/v2\/posts\/27956\/revisions"}],"predecessor-version":[{"id":27958,"href":"https:\/\/www.egemtv.com\/index.php?rest_route=\/wp\/v2\/posts\/27956\/revisions\/27958"}],"wp:featuredmedia":[{"embeddable":true,"href":"https:\/\/www.egemtv.com\/index.php?rest_route=\/wp\/v2\/media\/27957"}],"wp:attachment":[{"href":"https:\/\/www.egemtv.com\/index.php?rest_route=%2Fwp%2Fv2%2Fmedia&parent=27956"}],"wp:term":[{"taxonomy":"category","embeddable":true,"href":"https:\/\/www.egemtv.com\/index.php?rest_route=%2Fwp%2Fv2%2Fcategories&post=27956"},{"taxonomy":"post_tag","embeddable":true,"href":"https:\/\/www.egemtv.com\/index.php?rest_route=%2Fwp%2Fv2%2Ftags&post=27956"}],"curies":[{"name":"wp","href":"https:\/\/api.w.org\/{rel}","templated":true}]}}