{"id":27953,"date":"2025-05-11T19:35:44","date_gmt":"2025-05-11T16:35:44","guid":{"rendered":"https:\/\/www.egemtv.com\/?p=27953"},"modified":"2025-05-11T19:35:50","modified_gmt":"2025-05-11T16:35:50","slug":"baskan-gulmezden-anlamli-anneler-gunu-ziyareti","status":"publish","type":"post","link":"https:\/\/www.egemtv.com\/?p=27953","title":{"rendered":"Ba\u015fkan G\u00fclmez\u2019den anlaml\u0131 Anneler G\u00fcn\u00fc ziyareti"},"content":{"rendered":"<p>AK Parti Kula \u0130l\u00e7e Ba\u015fkan\u0131 Nejat G\u00fclmez, Anneler G\u00fcn\u00fc dolay\u0131s\u0131yla Kula Devlet hastanesinde tedavi g\u00f6ren kad\u0131nlar\u0131 ziyaret etti.<br \/>\n<br \/>AK Parti Kula \u0130l\u00e7e Ba\u015fkan\u0131 Nejat G\u00fclmez, Anneler G\u00fcn\u00fc dolay\u0131s\u0131yla Kula Devlet Hastanesi\u2019nde tedavi g\u00f6ren kad\u0131n hastalar\u0131 ziyaret ederek ge\u00e7mi\u015f olsun dileklerini sundu. Ziyarete il\u00e7e te\u015fkilat\u0131 y\u00f6netim kurulu \u00fcyeleri de e\u015flik etti. Ger\u00e7ekle\u015ftirilen ziyarette kad\u0131n hastalarla yak\u0131ndan ilgilenen Ba\u015fkan G\u00fclmez ve beraberindekiler, hastalar\u0131n Anneler G\u00fcn\u00fc\u2019n\u00fc \u00e7i\u00e7ek takdim ederek kutlad\u0131. Duygusal anlar\u0131n ya\u015fand\u0131\u011f\u0131 bulu\u015fmada, hastalara moral ve motivasyon deste\u011fi sa\u011fland\u0131.<br \/>\n<br \/>Ziyaretin ard\u0131ndan a\u00e7\u0131klamalarda bulunan \u0130l\u00e7e Ba\u015fkan\u0131 Nejat G\u00fclmez, &#8220;Annelerimiz, hayat\u0131n her an\u0131nda fedak\u00e2rl\u0131klar\u0131n\u0131 esirgemeyen en k\u0131ymetli varl\u0131klar\u0131m\u0131zd\u0131r. Onlar\u0131n dualar\u0131yla b\u00fcy\u00fcyor, sevgileriyle g\u00fc\u00e7 buluyoruz. Bu \u00f6zel g\u00fcnde onlar\u0131n yan\u0131nda olmak, bir nebze de olsa y\u00fczlerini g\u00fcld\u00fcrebilmek bizim i\u00e7in b\u00fcy\u00fck bir onurdur,&#8221; ifadelerini kulland\u0131.<br \/>\n<br \/>AK Parti Kula \u0130l\u00e7e Te\u015fkilat\u0131\u2019n\u0131n bu anlaml\u0131 ziyareti, hem hastalar hem de hastane personeli taraf\u0131ndan memnuniyetle kar\u015f\u0131land\u0131.<br \/><\/p>\n","protected":false},"excerpt":{"rendered":"<p>AK Parti Kula \u0130l\u00e7e Ba\u015fkan\u0131 Nejat G\u00fclmez, Anneler G\u00fcn\u00fc dolay\u0131s\u0131yla Kula Devlet hastanesinde tedavi g\u00f6ren kad\u0131nlar\u0131 ziyaret etti. AK Parti Kula \u0130l\u00e7e Ba\u015fkan\u0131 Nejat G\u00fclmez, Anneler G\u00fcn\u00fc dolay\u0131s\u0131yla Kula Devlet Hastanesi\u2019nde tedavi g\u00f6ren kad\u0131n hastalar\u0131 ziyaret ederek ge\u00e7mi\u015f olsun dileklerini sundu. Ziyarete il\u00e7e te\u015fkilat\u0131 y\u00f6netim kurulu \u00fcyeleri de e\u015flik etti. Ger\u00e7ekle\u015ftirilen ziyarette kad\u0131n hastalarla yak\u0131ndan&#8230;<\/p>\n","protected":false},"author":1,"featured_media":27954,"comment_status":"open","ping_status":"open","sticky":false,"template":"","format":"standard","meta":{"_crdt_document":"","footnotes":""},"categories":[123],"tags":[],"class_list":["post-27953","post","type-post","status-publish","format-standard","has-post-thumbnail","hentry","category-gundem"],"_links":{"self":[{"href":"https:\/\/www.egemtv.com\/index.php?rest_route=\/wp\/v2\/posts\/27953","targetHints":{"allow":["GET"]}}],"collection":[{"href":"https:\/\/www.egemtv.com\/index.php?rest_route=\/wp\/v2\/posts"}],"about":[{"href":"https:\/\/www.egemtv.com\/index.php?rest_route=\/wp\/v2\/types\/post"}],"author":[{"embeddable":true,"href":"https:\/\/www.egemtv.com\/index.php?rest_route=\/wp\/v2\/users\/1"}],"replies":[{"embeddable":true,"href":"https:\/\/www.egemtv.com\/index.php?rest_route=%2Fwp%2Fv2%2Fcomments&post=27953"}],"version-history":[{"count":1,"href":"https:\/\/www.egemtv.com\/index.php?rest_route=\/wp\/v2\/posts\/27953\/revisions"}],"predecessor-version":[{"id":27955,"href":"https:\/\/www.egemtv.com\/index.php?rest_route=\/wp\/v2\/posts\/27953\/revisions\/27955"}],"wp:featuredmedia":[{"embeddable":true,"href":"https:\/\/www.egemtv.com\/index.php?rest_route=\/wp\/v2\/media\/27954"}],"wp:attachment":[{"href":"https:\/\/www.egemtv.com\/index.php?rest_route=%2Fwp%2Fv2%2Fmedia&parent=27953"}],"wp:term":[{"taxonomy":"category","embeddable":true,"href":"https:\/\/www.egemtv.com\/index.php?rest_route=%2Fwp%2Fv2%2Fcategories&post=27953"},{"taxonomy":"post_tag","embeddable":true,"href":"https:\/\/www.egemtv.com\/index.php?rest_route=%2Fwp%2Fv2%2Ftags&post=27953"}],"curies":[{"name":"wp","href":"https:\/\/api.w.org\/{rel}","templated":true}]}}