{"id":27950,"date":"2025-05-11T19:35:35","date_gmt":"2025-05-11T16:35:35","guid":{"rendered":"https:\/\/www.egemtv.com\/?p=27950"},"modified":"2025-05-11T19:35:44","modified_gmt":"2025-05-11T16:35:44","slug":"mentesede-trafik-kazasi-2si-cocuk-3-kisi-yaralandi","status":"publish","type":"post","link":"https:\/\/www.egemtv.com\/?p=27950","title":{"rendered":"Mente\u015fe\u2019de trafik kazas\u0131: 2\u2019si \u00e7ocuk 3 ki\u015fi yaraland\u0131"},"content":{"rendered":"<p>Mu\u011fla\u2019n\u0131n Mente\u015fe il\u00e7esinde meydana gelen trafik kazas\u0131nda 2\u2019si \u00e7ocuk 3 ki\u015fi yaraland\u0131.<\/p>\n<p>Kaza, Mente\u015fe il\u00e7esi Dirgeme yolu ile AVM ba\u011flant\u0131 yolunda meydana geldi. Edinilen bilgiye g\u00f6re ba\u011flant\u0131 yolunda iki ara\u00e7 \u00e7arp\u0131\u015ft\u0131. \u00c7arp\u0131\u015fman\u0131n etkisiyle ara\u00e7larda bulunan 2\u2019si \u00e7ocuk 3 ki\u015fi yaraland\u0131. \u0130hbar \u00fczerine olay yerine sa\u011fl\u0131k ve polis ekipleri sevk edildi. Sa\u011fl\u0131k ekipleri, yaral\u0131lar\u0131 ilk m\u00fcdahalenin ard\u0131ndan ambulanslarla hastaneye sevk etti. Yaral\u0131lar\u0131n hayati tehlikesinin bulunmad\u0131\u011f\u0131 \u00f6\u011frenilirken, kaza ile ilgili polis ekipleri taraf\u0131ndan inceleme ba\u015flat\u0131ld\u0131. Kazan\u0131n nedenine ili\u015fkin soru\u015fturma s\u00fcr\u00fcyor.<br \/><\/p>\n","protected":false},"excerpt":{"rendered":"<p>Mu\u011fla\u2019n\u0131n Mente\u015fe il\u00e7esinde meydana gelen trafik kazas\u0131nda 2\u2019si \u00e7ocuk 3 ki\u015fi yaraland\u0131. Kaza, Mente\u015fe il\u00e7esi Dirgeme yolu ile AVM ba\u011flant\u0131 yolunda meydana geldi. Edinilen bilgiye g\u00f6re ba\u011flant\u0131 yolunda iki ara\u00e7 \u00e7arp\u0131\u015ft\u0131. \u00c7arp\u0131\u015fman\u0131n etkisiyle ara\u00e7larda bulunan 2\u2019si \u00e7ocuk 3 ki\u015fi yaraland\u0131. \u0130hbar \u00fczerine olay yerine sa\u011fl\u0131k ve polis ekipleri sevk edildi. Sa\u011fl\u0131k ekipleri, yaral\u0131lar\u0131 ilk m\u00fcdahalenin&#8230;<\/p>\n","protected":false},"author":1,"featured_media":27951,"comment_status":"open","ping_status":"open","sticky":false,"template":"","format":"standard","meta":{"_crdt_document":"","footnotes":""},"categories":[5],"tags":[],"class_list":["post-27950","post","type-post","status-publish","format-standard","has-post-thumbnail","hentry","category-asayis"],"_links":{"self":[{"href":"https:\/\/www.egemtv.com\/index.php?rest_route=\/wp\/v2\/posts\/27950","targetHints":{"allow":["GET"]}}],"collection":[{"href":"https:\/\/www.egemtv.com\/index.php?rest_route=\/wp\/v2\/posts"}],"about":[{"href":"https:\/\/www.egemtv.com\/index.php?rest_route=\/wp\/v2\/types\/post"}],"author":[{"embeddable":true,"href":"https:\/\/www.egemtv.com\/index.php?rest_route=\/wp\/v2\/users\/1"}],"replies":[{"embeddable":true,"href":"https:\/\/www.egemtv.com\/index.php?rest_route=%2Fwp%2Fv2%2Fcomments&post=27950"}],"version-history":[{"count":1,"href":"https:\/\/www.egemtv.com\/index.php?rest_route=\/wp\/v2\/posts\/27950\/revisions"}],"predecessor-version":[{"id":27952,"href":"https:\/\/www.egemtv.com\/index.php?rest_route=\/wp\/v2\/posts\/27950\/revisions\/27952"}],"wp:featuredmedia":[{"embeddable":true,"href":"https:\/\/www.egemtv.com\/index.php?rest_route=\/wp\/v2\/media\/27951"}],"wp:attachment":[{"href":"https:\/\/www.egemtv.com\/index.php?rest_route=%2Fwp%2Fv2%2Fmedia&parent=27950"}],"wp:term":[{"taxonomy":"category","embeddable":true,"href":"https:\/\/www.egemtv.com\/index.php?rest_route=%2Fwp%2Fv2%2Fcategories&post=27950"},{"taxonomy":"post_tag","embeddable":true,"href":"https:\/\/www.egemtv.com\/index.php?rest_route=%2Fwp%2Fv2%2Ftags&post=27950"}],"curies":[{"name":"wp","href":"https:\/\/api.w.org\/{rel}","templated":true}]}}