{"id":27947,"date":"2025-05-11T19:15:41","date_gmt":"2025-05-11T16:15:41","guid":{"rendered":"https:\/\/www.egemtv.com\/?p=27947"},"modified":"2025-05-11T19:15:45","modified_gmt":"2025-05-11T16:15:45","slug":"is-makinesini-deviren-surucu-faciayi-engelledi","status":"publish","type":"post","link":"https:\/\/www.egemtv.com\/?p=27947","title":{"rendered":"\u0130\u015f makinesini deviren s\u00fcr\u00fcc\u00fc faciay\u0131 engelledi"},"content":{"rendered":"<p>Manisa\u2019n\u0131n Turgutlu il\u00e7esinde freni patlayan vidanj\u00f6r\u00fcn devrildi\u011fi kazada s\u00fcr\u00fcc\u00fc yaraland\u0131. Yol \u00fczerindeki evlere \u00e7arpmamak i\u00e7in direksiyonu k\u0131rararak i\u015f makinas\u0131n\u0131 deviren s\u00fcr\u00fcc\u00fc, muhtemel faciay\u0131 \u00f6nledi.<br \/>\n<br \/>\u0130ddiaya g\u00f6re, Dalbah\u00e7e Mahallesi y\u00f6n\u00fcnden Av\u015far istikametine seyir halindeki i\u015f makinesi vidanj\u00f6r\u00fcn freni patlad\u0131. Ard\u0131ndan vidanj\u00f6r viraj\u0131 alamayarak savruldu. Mahalledeki evlere girmemek i\u00e7in direksiyonu k\u0131ran s\u00fcr\u00fcc\u00fc Vahit P. (55) vidanj\u00f6r\u00fc yan yat\u0131rarak devrildi.<br \/>\n<br \/>Vatanda\u015flar\u0131n haber vermesi \u00fczerine kaza yerine itfaiye, jandarma ve acil sa\u011fl\u0131k ekipleri sevk edildi. Devrilen i\u015f makinesinden itfaiye ekiplerinin yard\u0131m\u0131yla \u00e7\u0131kar\u0131lan s\u00fcr\u00fcc\u00fc Vahit P. ambulans ile Turgutlu Devlet Hastanesine kald\u0131r\u0131larak tedavi alt\u0131na al\u0131n\u0131rken, hayati tehlikesinin bulunmad\u0131\u011f\u0131 \u00f6\u011frenildi.<br \/>\n<br \/>Kazayla ilgili inceleme ba\u015flat\u0131ld\u0131.<br \/><\/p>\n","protected":false},"excerpt":{"rendered":"<p>Manisa\u2019n\u0131n Turgutlu il\u00e7esinde freni patlayan vidanj\u00f6r\u00fcn devrildi\u011fi kazada s\u00fcr\u00fcc\u00fc yaraland\u0131. Yol \u00fczerindeki evlere \u00e7arpmamak i\u00e7in direksiyonu k\u0131rararak i\u015f makinas\u0131n\u0131 deviren s\u00fcr\u00fcc\u00fc, muhtemel faciay\u0131 \u00f6nledi. \u0130ddiaya g\u00f6re, Dalbah\u00e7e Mahallesi y\u00f6n\u00fcnden Av\u015far istikametine seyir halindeki i\u015f makinesi vidanj\u00f6r\u00fcn freni patlad\u0131. Ard\u0131ndan vidanj\u00f6r viraj\u0131 alamayarak savruldu. Mahalledeki evlere girmemek i\u00e7in direksiyonu k\u0131ran s\u00fcr\u00fcc\u00fc Vahit P. (55) vidanj\u00f6r\u00fc yan&#8230;<\/p>\n","protected":false},"author":1,"featured_media":27948,"comment_status":"open","ping_status":"open","sticky":false,"template":"","format":"standard","meta":{"_crdt_document":"","footnotes":""},"categories":[5],"tags":[],"class_list":["post-27947","post","type-post","status-publish","format-standard","has-post-thumbnail","hentry","category-asayis"],"_links":{"self":[{"href":"https:\/\/www.egemtv.com\/index.php?rest_route=\/wp\/v2\/posts\/27947","targetHints":{"allow":["GET"]}}],"collection":[{"href":"https:\/\/www.egemtv.com\/index.php?rest_route=\/wp\/v2\/posts"}],"about":[{"href":"https:\/\/www.egemtv.com\/index.php?rest_route=\/wp\/v2\/types\/post"}],"author":[{"embeddable":true,"href":"https:\/\/www.egemtv.com\/index.php?rest_route=\/wp\/v2\/users\/1"}],"replies":[{"embeddable":true,"href":"https:\/\/www.egemtv.com\/index.php?rest_route=%2Fwp%2Fv2%2Fcomments&post=27947"}],"version-history":[{"count":1,"href":"https:\/\/www.egemtv.com\/index.php?rest_route=\/wp\/v2\/posts\/27947\/revisions"}],"predecessor-version":[{"id":27949,"href":"https:\/\/www.egemtv.com\/index.php?rest_route=\/wp\/v2\/posts\/27947\/revisions\/27949"}],"wp:featuredmedia":[{"embeddable":true,"href":"https:\/\/www.egemtv.com\/index.php?rest_route=\/wp\/v2\/media\/27948"}],"wp:attachment":[{"href":"https:\/\/www.egemtv.com\/index.php?rest_route=%2Fwp%2Fv2%2Fmedia&parent=27947"}],"wp:term":[{"taxonomy":"category","embeddable":true,"href":"https:\/\/www.egemtv.com\/index.php?rest_route=%2Fwp%2Fv2%2Fcategories&post=27947"},{"taxonomy":"post_tag","embeddable":true,"href":"https:\/\/www.egemtv.com\/index.php?rest_route=%2Fwp%2Fv2%2Ftags&post=27947"}],"curies":[{"name":"wp","href":"https:\/\/api.w.org\/{rel}","templated":true}]}}