{"id":27944,"date":"2025-05-11T19:15:35","date_gmt":"2025-05-11T16:15:35","guid":{"rendered":"https:\/\/www.egemtv.com\/?p=27944"},"modified":"2025-05-11T19:15:41","modified_gmt":"2025-05-11T16:15:41","slug":"bodrumda-fidanlar-anneler-icin-kok-saldi","status":"publish","type":"post","link":"https:\/\/www.egemtv.com\/?p=27944","title":{"rendered":"Bodrum\u2019da fidanlar anneler i\u00e7in k\u00f6k sald\u0131"},"content":{"rendered":"<p>Bodrum\u2019un Mumcular-Maz\u0131 Yolu \u00fczerinde, 2021 y\u0131l\u0131nda \u00e7\u0131kan b\u00fcy\u00fck orman yang\u0131n\u0131ndan zarar g\u00f6ren b\u00f6lgede d\u00fczenlenen fidan dikim etkinli\u011finde 300 adet f\u0131st\u0131k \u00e7am\u0131 toprakla bulu\u015fturuldu. Etkinli\u011fe AK Partili y\u00f6neticilerin yan\u0131 s\u0131ra Bodrum Orman \u0130\u015fletme \u015eefli\u011fi personeli de kat\u0131ld\u0131.<\/p>\n<p>Anneler G\u00fcn\u00fc ile 2025 y\u0131l\u0131n\u0131n &#8220;Aile Y\u0131l\u0131&#8221; ilan edilmesi dolay\u0131s\u0131yla d\u00fczenlenen organizasyonda konu\u015fan Bodrum Orman \u0130\u015fletme \u015eefi Hilal Nal\u00e7ao\u011flu, aile kavram\u0131na dikkat \u00e7ekti. Nal\u00e7ao\u011flu; &#8220;Bug\u00fcn burada \u00e7ok \u00f6zel ve anlaml\u0131 bir bulu\u015fmaya tan\u0131kl\u0131k ediyoruz. Hem annelerimizi onurland\u0131rmak hem de aile kavram\u0131na verdi\u011fimiz de\u011feri g\u00f6stermek i\u00e7in bir araday\u0131z. Cumhurba\u015fkan\u0131m\u0131z Recep Tayyip Erdo\u011fan\u2019\u0131n bu y\u0131l\u0131 \u2018Aile Y\u0131l\u0131\u2019 ilan etmesi, aileyi sadece bireylerin bir araya geldi\u011fi bir yap\u0131 de\u011fil, toplumsal direncimizin temeli olarak g\u00f6rd\u00fc\u011f\u00fcm\u00fcz\u00fcn g\u00f6stergesidir. Bu etkinlik, annelere olan vefam\u0131z\u0131n ve aileye verdi\u011fimiz \u00f6nemin sembol\u00fcd\u00fcr. Ba\u015fta \u015fehit anneleri olmak \u00fczere t\u00fcm annelerimizin g\u00fcn\u00fcn\u00fc kutluyor, ebediyete irtihal eden annelerimizi rahmetle an\u0131yorum&#8221; dedi.<\/p>\n<p>AK Parti Bodrum \u0130l\u00e7e Ba\u015fkan\u0131 Ya\u015far Y\u0131ld\u0131z da yapt\u0131\u011f\u0131 a\u00e7\u0131klamada, &#8220;Bu organizasyonda eme\u011fi ge\u00e7en herkese te\u015fekk\u00fcr ediyoruz. Anneler G\u00fcn\u00fc\u2019n\u00fc kutlamak amac\u0131yla bir araya geldik. Ba\u015fta Cumhuriyetimizin kurucusu Gazi Mustafa Kemal Atat\u00fcrk\u2019\u00fcn annesi Z\u00fcbeyde Han\u0131m, ard\u0131ndan Cumhurba\u015fkan\u0131m\u0131z\u0131n annesi Tenzile Erdo\u011fan ve t\u00fcm Bodrumlu anneler ad\u0131na fidanlar diktik. \u015eehit anneleri ba\u015fta olmak \u00fczere t\u00fcm annelerin Anneler G\u00fcn\u00fc\u2019n\u00fc kutluyorum&#8221; ifadelerini kulland\u0131.<br \/><\/p>\n","protected":false},"excerpt":{"rendered":"<p>Bodrum\u2019un Mumcular-Maz\u0131 Yolu \u00fczerinde, 2021 y\u0131l\u0131nda \u00e7\u0131kan b\u00fcy\u00fck orman yang\u0131n\u0131ndan zarar g\u00f6ren b\u00f6lgede d\u00fczenlenen fidan dikim etkinli\u011finde 300 adet f\u0131st\u0131k \u00e7am\u0131 toprakla bulu\u015fturuldu. Etkinli\u011fe AK Partili y\u00f6neticilerin yan\u0131 s\u0131ra Bodrum Orman \u0130\u015fletme \u015eefli\u011fi personeli de kat\u0131ld\u0131. Anneler G\u00fcn\u00fc ile 2025 y\u0131l\u0131n\u0131n &#8220;Aile Y\u0131l\u0131&#8221; ilan edilmesi dolay\u0131s\u0131yla d\u00fczenlenen organizasyonda konu\u015fan Bodrum Orman \u0130\u015fletme \u015eefi Hilal Nal\u00e7ao\u011flu,&#8230;<\/p>\n","protected":false},"author":1,"featured_media":27945,"comment_status":"open","ping_status":"open","sticky":false,"template":"","format":"standard","meta":{"_crdt_document":"","footnotes":""},"categories":[1],"tags":[],"class_list":["post-27944","post","type-post","status-publish","format-standard","has-post-thumbnail","hentry","category-guncel"],"_links":{"self":[{"href":"https:\/\/www.egemtv.com\/index.php?rest_route=\/wp\/v2\/posts\/27944","targetHints":{"allow":["GET"]}}],"collection":[{"href":"https:\/\/www.egemtv.com\/index.php?rest_route=\/wp\/v2\/posts"}],"about":[{"href":"https:\/\/www.egemtv.com\/index.php?rest_route=\/wp\/v2\/types\/post"}],"author":[{"embeddable":true,"href":"https:\/\/www.egemtv.com\/index.php?rest_route=\/wp\/v2\/users\/1"}],"replies":[{"embeddable":true,"href":"https:\/\/www.egemtv.com\/index.php?rest_route=%2Fwp%2Fv2%2Fcomments&post=27944"}],"version-history":[{"count":1,"href":"https:\/\/www.egemtv.com\/index.php?rest_route=\/wp\/v2\/posts\/27944\/revisions"}],"predecessor-version":[{"id":27946,"href":"https:\/\/www.egemtv.com\/index.php?rest_route=\/wp\/v2\/posts\/27944\/revisions\/27946"}],"wp:featuredmedia":[{"embeddable":true,"href":"https:\/\/www.egemtv.com\/index.php?rest_route=\/wp\/v2\/media\/27945"}],"wp:attachment":[{"href":"https:\/\/www.egemtv.com\/index.php?rest_route=%2Fwp%2Fv2%2Fmedia&parent=27944"}],"wp:term":[{"taxonomy":"category","embeddable":true,"href":"https:\/\/www.egemtv.com\/index.php?rest_route=%2Fwp%2Fv2%2Fcategories&post=27944"},{"taxonomy":"post_tag","embeddable":true,"href":"https:\/\/www.egemtv.com\/index.php?rest_route=%2Fwp%2Fv2%2Ftags&post=27944"}],"curies":[{"name":"wp","href":"https:\/\/api.w.org\/{rel}","templated":true}]}}