{"id":27941,"date":"2025-05-11T19:15:33","date_gmt":"2025-05-11T16:15:33","guid":{"rendered":"https:\/\/www.egemtv.com\/?p=27941"},"modified":"2025-05-11T19:15:35","modified_gmt":"2025-05-11T16:15:35","slug":"izmirde-ormani-yakan-5-defineci-tutuklandi","status":"publish","type":"post","link":"https:\/\/www.egemtv.com\/?p=27941","title":{"rendered":"\u0130zmir\u2019de orman\u0131 yakan 5 defineci tutukland\u0131"},"content":{"rendered":"<p>\u0130zmir\u2019in Bornova il\u00e7esi \u00e7\u0131kan orman yang\u0131n\u0131na ili\u015fkin y\u00fcr\u00fct\u00fclen soru\u015fturmada, yang\u0131n\u0131n izinsiz kaz\u0131 yapan ki\u015filer taraf\u0131ndan \u00e7\u0131kar\u0131ld\u0131\u011f\u0131 belirlendi. G\u00f6zalt\u0131na al\u0131nan 5 ki\u015fi, \u00e7\u0131kar\u0131ld\u0131klar\u0131 mahkemece tutukland\u0131.<br \/>\n<br \/>Yang\u0131n, 10 May\u0131s Cumartesi g\u00fcn\u00fc saat 20.45 s\u0131ralar\u0131nda Kayadibi mevkiinde meydana geldi. Yang\u0131n\u0131 g\u00f6ren \u00e7evredeki vatanda\u015flar\u0131n ihbar\u0131 \u00fczerine b\u00f6lgeye orman ve itfaiye ekipleri sevk edildi. Yang\u0131n k\u0131sa s\u00fcrede ekiplerce kontrol alt\u0131na al\u0131n\u0131p s\u00f6nd\u00fcr\u00fcl\u00fcrken yakla\u015f\u0131k 2 hektar ormanl\u0131k alan zarar g\u00f6rd\u00fc. Yang\u0131n sonras\u0131 b\u00f6lgede inceleme yapan jandarma ekipleri, olay yerinde yakla\u015f\u0131k 3 metre derinli\u011finde bir \u00e7ukur tespit etti. Yap\u0131lan de\u011ferlendirmede yang\u0131n\u0131n bu noktada yap\u0131lan izinsiz kaz\u0131 \u00e7al\u0131\u015fmalar\u0131 s\u0131ras\u0131nda \u00e7\u0131kt\u0131\u011f\u0131 belirlendi. Soru\u015fturma kapsam\u0131nda b\u00f6lgedeki kamera kay\u0131tlar\u0131 incelendi. Olay s\u0131ras\u0131nda b\u00f6lgede ka\u00e7ak kaz\u0131 yapt\u0131\u011f\u0131 tespit edilen A.\u015e. (18), A.\u015e. (18), E.K. (19), A.A.\u015e. (18) ve V.T. (40) g\u00f6zalt\u0131na al\u0131nd\u0131. \u015e\u00fcpheliler, jandarmadaki i\u015flemlerinin ard\u0131ndan \u00e7\u0131kar\u0131ld\u0131klar\u0131 mahkemece tutuklanarak cezaevine g\u00f6nderildi. \u00d6te yandan Olayla ilgili adli soru\u015fturma s\u00fcr\u00fcyor.<br \/><\/p>\n","protected":false},"excerpt":{"rendered":"<p>\u0130zmir\u2019in Bornova il\u00e7esi \u00e7\u0131kan orman yang\u0131n\u0131na ili\u015fkin y\u00fcr\u00fct\u00fclen soru\u015fturmada, yang\u0131n\u0131n izinsiz kaz\u0131 yapan ki\u015filer taraf\u0131ndan \u00e7\u0131kar\u0131ld\u0131\u011f\u0131 belirlendi. G\u00f6zalt\u0131na al\u0131nan 5 ki\u015fi, \u00e7\u0131kar\u0131ld\u0131klar\u0131 mahkemece tutukland\u0131. Yang\u0131n, 10 May\u0131s Cumartesi g\u00fcn\u00fc saat 20.45 s\u0131ralar\u0131nda Kayadibi mevkiinde meydana geldi. Yang\u0131n\u0131 g\u00f6ren \u00e7evredeki vatanda\u015flar\u0131n ihbar\u0131 \u00fczerine b\u00f6lgeye orman ve itfaiye ekipleri sevk edildi. Yang\u0131n k\u0131sa s\u00fcrede ekiplerce kontrol alt\u0131na&#8230;<\/p>\n","protected":false},"author":1,"featured_media":27942,"comment_status":"open","ping_status":"open","sticky":false,"template":"","format":"standard","meta":{"_crdt_document":"","footnotes":""},"categories":[5],"tags":[],"class_list":["post-27941","post","type-post","status-publish","format-standard","has-post-thumbnail","hentry","category-asayis"],"_links":{"self":[{"href":"https:\/\/www.egemtv.com\/index.php?rest_route=\/wp\/v2\/posts\/27941","targetHints":{"allow":["GET"]}}],"collection":[{"href":"https:\/\/www.egemtv.com\/index.php?rest_route=\/wp\/v2\/posts"}],"about":[{"href":"https:\/\/www.egemtv.com\/index.php?rest_route=\/wp\/v2\/types\/post"}],"author":[{"embeddable":true,"href":"https:\/\/www.egemtv.com\/index.php?rest_route=\/wp\/v2\/users\/1"}],"replies":[{"embeddable":true,"href":"https:\/\/www.egemtv.com\/index.php?rest_route=%2Fwp%2Fv2%2Fcomments&post=27941"}],"version-history":[{"count":1,"href":"https:\/\/www.egemtv.com\/index.php?rest_route=\/wp\/v2\/posts\/27941\/revisions"}],"predecessor-version":[{"id":27943,"href":"https:\/\/www.egemtv.com\/index.php?rest_route=\/wp\/v2\/posts\/27941\/revisions\/27943"}],"wp:featuredmedia":[{"embeddable":true,"href":"https:\/\/www.egemtv.com\/index.php?rest_route=\/wp\/v2\/media\/27942"}],"wp:attachment":[{"href":"https:\/\/www.egemtv.com\/index.php?rest_route=%2Fwp%2Fv2%2Fmedia&parent=27941"}],"wp:term":[{"taxonomy":"category","embeddable":true,"href":"https:\/\/www.egemtv.com\/index.php?rest_route=%2Fwp%2Fv2%2Fcategories&post=27941"},{"taxonomy":"post_tag","embeddable":true,"href":"https:\/\/www.egemtv.com\/index.php?rest_route=%2Fwp%2Fv2%2Ftags&post=27941"}],"curies":[{"name":"wp","href":"https:\/\/api.w.org\/{rel}","templated":true}]}}