{"id":27938,"date":"2025-05-11T18:34:53","date_gmt":"2025-05-11T15:34:53","guid":{"rendered":"https:\/\/www.egemtv.com\/?p=27938"},"modified":"2025-05-11T18:34:58","modified_gmt":"2025-05-11T15:34:58","slug":"bodrum-ucurtma-festivali-yapildi","status":"publish","type":"post","link":"https:\/\/www.egemtv.com\/?p=27938","title":{"rendered":"Bodrum U\u00e7urtma Festivali yap\u0131ld\u0131"},"content":{"rendered":"<p>Mu\u011fla\u2019n\u0131n Bodrum il\u00e7esinde d\u00fczenlenen ve binlerce ki\u015finin ziyaret etti\u011fi U\u00e7urtma Festivali rengarenk g\u00f6r\u00fcnt\u00fclere sahne oldu.<\/p>\n<p>Karl\u0131ova Organizasyon taraf\u0131ndan Mu\u011fla B\u00fcy\u00fck\u015fehir Belediyesi, Bodrum Kaymakaml\u0131\u011f\u0131, Bodrum Belediyesi, \u0130l\u00e7e Milli E\u011fitim M\u00fcd\u00fcrl\u00fc\u011f\u00fc ve Bodrum Otelciler Derne\u011fi i\u015f birli\u011fiyle Eski\u00e7e\u015fme Mahallesi De\u011firmenler mevkisinde Bodrum U\u00e7urtma Festivali d\u00fczenlendi. G\u00fcn boyu \u00e7e\u015fitli etkinliklerin yap\u0131ld\u0131\u011f\u0131 festivale Bodrum Kaymakam\u0131 Mustafa \u00c7it, Belediye Ba\u015fkan Yard\u0131mc\u0131s\u0131 Kanat \u00d6zsert, \u0130l\u00e7e Jandarma Komutan\u0131 Yarbay G\u00f6khan Kurgan ve \u0130l\u00e7e Milli E\u011fitim M\u00fcd\u00fcr\u00fc Aslan Korkmaz\u2019\u0131n da aralar\u0131nda oldu\u011fu binlerce ki\u015fi kat\u0131ld\u0131. Binlerce ki\u015finin ziyaret etti\u011fi festivalde, farkl\u0131 renklerde ve \u015fekillerde u\u00e7urtmalar g\u00f6ky\u00fcz\u00fcne y\u00fckseldi. Her ya\u015ftan vatanda\u015f, r\u00fczgarl\u0131 Bodrum g\u00fcn\u00fcnde u\u00e7urtmas\u0131n\u0131 daha y\u00fckse\u011fe u\u00e7urabilmek i\u00e7in \u00e7aba harcad\u0131. R\u00fczgar\u0131n sert olmas\u0131 zaman zaman zorluk ya\u015fatsa da keyifli anlar ge\u00e7irildi. Halkoyunlar\u0131, danslar, \u00e7e\u015fitli g\u00f6steriler ve yar\u0131\u015fmalar\u0131n d\u00fczenlendi\u011fi programda yar\u0131\u015fmada dereceye girenlere bisiklet \u00f6d\u00fclleri verildi. Y\u0131l\u0131n annesi se\u00e7ilen Ayg\u00fcl Polat\u2019a da \u00e7ama\u015f\u0131r makinesi hediye edildi.<\/p>\n<p>Festivale kat\u0131lan konuk sanat\u00e7\u0131 Seray Sever; &#8220;Harika bir ortam, u\u00e7urtmalar havada. Ben de ilk defa b\u00f6yle bu \u015fenlikte bulunuyorum. Harika bir i\u015f \u00e7\u0131kar\u0131yorsunuz&#8221; dedi. T\u00fcm annelerin Anneler G\u00fcn\u00fc\u2019n\u00fc kutlayan Bodrum Kaymakam\u0131 Mustafa \u00c7it ise festivale katk\u0131 sa\u011flayan herkese te\u015fekk\u00fcr etti.<\/p>\n<p>Bodrum Belediye Ba\u015fkan Yard\u0131mc\u0131s\u0131 Kanat \u00d6zsert de yapt\u0131\u011f\u0131 konu\u015fmada &#8220;Hep birlikte g\u00f6ky\u00fcz\u00fcn\u00fc rengarenk boyayaca\u011f\u0131m\u0131z bu \u00f6zel g\u00fcnde sizlerle beraber oldu\u011fum i\u00e7in \u00e7ok mutluyum. Biz, Bodrum Belediyesi olarak b\u00f6yle festivaller ve etkinliklerin her zaman yan\u0131nda oluyoruz, olmaya da devam edece\u011fiz. Bu organizasyonda eme\u011fi ge\u00e7en t\u00fcm payda\u015flara te\u015fekk\u00fcr ediyorum&#8221; ifadelerine yer verdi.<br \/><\/p>\n","protected":false},"excerpt":{"rendered":"<p>Mu\u011fla\u2019n\u0131n Bodrum il\u00e7esinde d\u00fczenlenen ve binlerce ki\u015finin ziyaret etti\u011fi U\u00e7urtma Festivali rengarenk g\u00f6r\u00fcnt\u00fclere sahne oldu. Karl\u0131ova Organizasyon taraf\u0131ndan Mu\u011fla B\u00fcy\u00fck\u015fehir Belediyesi, Bodrum Kaymakaml\u0131\u011f\u0131, Bodrum Belediyesi, \u0130l\u00e7e Milli E\u011fitim M\u00fcd\u00fcrl\u00fc\u011f\u00fc ve Bodrum Otelciler Derne\u011fi i\u015f birli\u011fiyle Eski\u00e7e\u015fme Mahallesi De\u011firmenler mevkisinde Bodrum U\u00e7urtma Festivali d\u00fczenlendi. G\u00fcn boyu \u00e7e\u015fitli etkinliklerin yap\u0131ld\u0131\u011f\u0131 festivale Bodrum Kaymakam\u0131 Mustafa \u00c7it, Belediye Ba\u015fkan&#8230;<\/p>\n","protected":false},"author":1,"featured_media":27939,"comment_status":"open","ping_status":"open","sticky":false,"template":"","format":"standard","meta":{"_crdt_document":"","footnotes":""},"categories":[1],"tags":[],"class_list":["post-27938","post","type-post","status-publish","format-standard","has-post-thumbnail","hentry","category-guncel"],"_links":{"self":[{"href":"https:\/\/www.egemtv.com\/index.php?rest_route=\/wp\/v2\/posts\/27938","targetHints":{"allow":["GET"]}}],"collection":[{"href":"https:\/\/www.egemtv.com\/index.php?rest_route=\/wp\/v2\/posts"}],"about":[{"href":"https:\/\/www.egemtv.com\/index.php?rest_route=\/wp\/v2\/types\/post"}],"author":[{"embeddable":true,"href":"https:\/\/www.egemtv.com\/index.php?rest_route=\/wp\/v2\/users\/1"}],"replies":[{"embeddable":true,"href":"https:\/\/www.egemtv.com\/index.php?rest_route=%2Fwp%2Fv2%2Fcomments&post=27938"}],"version-history":[{"count":1,"href":"https:\/\/www.egemtv.com\/index.php?rest_route=\/wp\/v2\/posts\/27938\/revisions"}],"predecessor-version":[{"id":27940,"href":"https:\/\/www.egemtv.com\/index.php?rest_route=\/wp\/v2\/posts\/27938\/revisions\/27940"}],"wp:featuredmedia":[{"embeddable":true,"href":"https:\/\/www.egemtv.com\/index.php?rest_route=\/wp\/v2\/media\/27939"}],"wp:attachment":[{"href":"https:\/\/www.egemtv.com\/index.php?rest_route=%2Fwp%2Fv2%2Fmedia&parent=27938"}],"wp:term":[{"taxonomy":"category","embeddable":true,"href":"https:\/\/www.egemtv.com\/index.php?rest_route=%2Fwp%2Fv2%2Fcategories&post=27938"},{"taxonomy":"post_tag","embeddable":true,"href":"https:\/\/www.egemtv.com\/index.php?rest_route=%2Fwp%2Fv2%2Ftags&post=27938"}],"curies":[{"name":"wp","href":"https:\/\/api.w.org\/{rel}","templated":true}]}}