{"id":27932,"date":"2025-05-11T17:55:29","date_gmt":"2025-05-11T14:55:29","guid":{"rendered":"https:\/\/www.egemtv.com\/?p=27932"},"modified":"2025-05-11T17:55:34","modified_gmt":"2025-05-11T14:55:34","slug":"22-yasindaki-motosikletli-genc-hayatini-kaybetti-otomobil-surucusu-sinir-krizi-gecirdi","status":"publish","type":"post","link":"https:\/\/www.egemtv.com\/?p=27932","title":{"rendered":"22 ya\u015f\u0131ndaki motosikletli gen\u00e7 hayat\u0131n\u0131 kaybetti, otomobil s\u00fcr\u00fcc\u00fcs\u00fc sinir krizi ge\u00e7irdi"},"content":{"rendered":"<p>Burdur\u2019un Ye\u015filova il\u00e7esinde otomobille motosikletin \u00e7arp\u0131\u015fmas\u0131 sonucu meydana gelen kazada, 22 ya\u015f\u0131ndaki motosiklet s\u00fcr\u00fcc\u00fcs\u00fc hayat\u0131n\u0131 kaybetti. Kazan\u0131n ard\u0131ndan sinir krizi ge\u00e7iren otomobil s\u00fcr\u00fcc\u00fcs\u00fc ise hastaneye kald\u0131r\u0131ld\u0131.<br \/>\n<br \/>Kaza, saat 15.00 s\u0131ralar\u0131nda Ye\u015filova il\u00e7esi Bah\u00e7elievler Mahallesi\u2019nde Burdur\u2013Ye\u015filova Karayolu\u2019nun 1. kilometresinde meydana geldi. Edinilen bilgilere g\u00f6re, Nilg\u00fcn C. (52) y\u00f6netimindeki 34 FCB 054 plakal\u0131 Hyundai marka otomobil, kav\u015faktan d\u00f6n\u00fc\u015f yapt\u0131\u011f\u0131 s\u0131rada kar\u015f\u0131 y\u00f6nden gelen K\u0131van\u00e7 Kadir Y\u0131lmaz (22) idaresindeki 48 ASR 477 plakal\u0131 motosikletle kafa kafaya \u00e7arp\u0131\u015ft\u0131. \u00c7arp\u0131\u015fman\u0131n etkisiyle ref\u00fcjdeki kald\u0131r\u0131mlara \u00e7arpan motosiklet s\u00fcr\u00fcc\u00fcs\u00fc, daha sonra \u015farampole yuvarlanarak a\u011f\u0131r yaraland\u0131. Kazay\u0131 g\u00f6ren vatanda\u015flar\u0131n ihbar\u0131 \u00fczerine olay yerine polis ve sa\u011fl\u0131k ekipleri sevk edildi. Sa\u011fl\u0131k ekiplerinin ilk m\u00fcdahalesinin ard\u0131ndan Ye\u015filova Devlet Hastanesi\u2019ne kald\u0131r\u0131lan yaral\u0131 gen\u00e7, yap\u0131lan t\u00fcm m\u00fcdahalelere ra\u011fmen kurtar\u0131lamad\u0131. Kazaya kar\u0131\u015fan otomobilin s\u00fcr\u00fcc\u00fcs\u00fc Nilg\u00fcn C. ise olay yerinde ya\u015fad\u0131\u011f\u0131 \u015fok nedeniyle sinir krizi ge\u00e7irerek hastaneye kald\u0131r\u0131ld\u0131.<br \/>\n<br \/>Kazayla ilgili soru\u015fturma ba\u015flat\u0131ld\u0131.<br \/><\/p>\n","protected":false},"excerpt":{"rendered":"<p>Burdur\u2019un Ye\u015filova il\u00e7esinde otomobille motosikletin \u00e7arp\u0131\u015fmas\u0131 sonucu meydana gelen kazada, 22 ya\u015f\u0131ndaki motosiklet s\u00fcr\u00fcc\u00fcs\u00fc hayat\u0131n\u0131 kaybetti. Kazan\u0131n ard\u0131ndan sinir krizi ge\u00e7iren otomobil s\u00fcr\u00fcc\u00fcs\u00fc ise hastaneye kald\u0131r\u0131ld\u0131. Kaza, saat 15.00 s\u0131ralar\u0131nda Ye\u015filova il\u00e7esi Bah\u00e7elievler Mahallesi\u2019nde Burdur\u2013Ye\u015filova Karayolu\u2019nun 1. kilometresinde meydana geldi. Edinilen bilgilere g\u00f6re, Nilg\u00fcn C. (52) y\u00f6netimindeki 34 FCB 054 plakal\u0131 Hyundai marka otomobil, kav\u015faktan&#8230;<\/p>\n","protected":false},"author":1,"featured_media":27933,"comment_status":"open","ping_status":"open","sticky":false,"template":"","format":"standard","meta":{"_crdt_document":"","footnotes":""},"categories":[5],"tags":[],"class_list":["post-27932","post","type-post","status-publish","format-standard","has-post-thumbnail","hentry","category-asayis"],"_links":{"self":[{"href":"https:\/\/www.egemtv.com\/index.php?rest_route=\/wp\/v2\/posts\/27932","targetHints":{"allow":["GET"]}}],"collection":[{"href":"https:\/\/www.egemtv.com\/index.php?rest_route=\/wp\/v2\/posts"}],"about":[{"href":"https:\/\/www.egemtv.com\/index.php?rest_route=\/wp\/v2\/types\/post"}],"author":[{"embeddable":true,"href":"https:\/\/www.egemtv.com\/index.php?rest_route=\/wp\/v2\/users\/1"}],"replies":[{"embeddable":true,"href":"https:\/\/www.egemtv.com\/index.php?rest_route=%2Fwp%2Fv2%2Fcomments&post=27932"}],"version-history":[{"count":1,"href":"https:\/\/www.egemtv.com\/index.php?rest_route=\/wp\/v2\/posts\/27932\/revisions"}],"predecessor-version":[{"id":27934,"href":"https:\/\/www.egemtv.com\/index.php?rest_route=\/wp\/v2\/posts\/27932\/revisions\/27934"}],"wp:featuredmedia":[{"embeddable":true,"href":"https:\/\/www.egemtv.com\/index.php?rest_route=\/wp\/v2\/media\/27933"}],"wp:attachment":[{"href":"https:\/\/www.egemtv.com\/index.php?rest_route=%2Fwp%2Fv2%2Fmedia&parent=27932"}],"wp:term":[{"taxonomy":"category","embeddable":true,"href":"https:\/\/www.egemtv.com\/index.php?rest_route=%2Fwp%2Fv2%2Fcategories&post=27932"},{"taxonomy":"post_tag","embeddable":true,"href":"https:\/\/www.egemtv.com\/index.php?rest_route=%2Fwp%2Fv2%2Ftags&post=27932"}],"curies":[{"name":"wp","href":"https:\/\/api.w.org\/{rel}","templated":true}]}}