{"id":27929,"date":"2025-05-11T17:46:08","date_gmt":"2025-05-11T14:46:08","guid":{"rendered":"https:\/\/www.egemtv.com\/?p=27929"},"modified":"2025-05-11T17:46:12","modified_gmt":"2025-05-11T14:46:12","slug":"bodrumda-2si-cocuk-4-duzensiz-gocmen-yakalandi","status":"publish","type":"post","link":"https:\/\/www.egemtv.com\/?p=27929","title":{"rendered":"Bodrum\u2019da 2\u2019si \u00e7ocuk 4 d\u00fczensiz g\u00f6\u00e7men yakaland\u0131"},"content":{"rendered":"<p>Mu\u011fla\u2019n\u0131n Bodrum il\u00e7esi a\u00e7\u0131klar\u0131nda 2\u2019si \u00e7ocuk 4 d\u00fczensiz g\u00f6\u00e7men yakaland\u0131.<\/p>\n<p>Bodrum a\u00e7\u0131klar\u0131nda lastik bot i\u00e7erisinde bir grup d\u00fczensiz g\u00f6\u00e7men oldu\u011fu bilgisinin al\u0131nmas\u0131 \u00fczerine Sahil G\u00fcvenlik Botu b\u00f6lgeye hareket etti. Ekipler taraf\u0131ndan hareketli lastik bot durdurularak ve i\u00e7erisindeki 2\u2019si \u00e7ocuk 4 d\u00fczensiz g\u00f6\u00e7men yakaland\u0131. Karaya \u00e7\u0131kar\u0131lan g\u00f6\u00e7menler, i\u015flemlerinin ard\u0131ndan Mu\u011fla \u0130l G\u00f6\u00e7 \u0130daresi M\u00fcd\u00fcrl\u00fc\u011f\u00fc\u2019ne g\u00f6nderildi.<br \/><\/p>\n","protected":false},"excerpt":{"rendered":"<p>Mu\u011fla\u2019n\u0131n Bodrum il\u00e7esi a\u00e7\u0131klar\u0131nda 2\u2019si \u00e7ocuk 4 d\u00fczensiz g\u00f6\u00e7men yakaland\u0131. Bodrum a\u00e7\u0131klar\u0131nda lastik bot i\u00e7erisinde bir grup d\u00fczensiz g\u00f6\u00e7men oldu\u011fu bilgisinin al\u0131nmas\u0131 \u00fczerine Sahil G\u00fcvenlik Botu b\u00f6lgeye hareket etti. Ekipler taraf\u0131ndan hareketli lastik bot durdurularak ve i\u00e7erisindeki 2\u2019si \u00e7ocuk 4 d\u00fczensiz g\u00f6\u00e7men yakaland\u0131. Karaya \u00e7\u0131kar\u0131lan g\u00f6\u00e7menler, i\u015flemlerinin ard\u0131ndan Mu\u011fla \u0130l G\u00f6\u00e7 \u0130daresi M\u00fcd\u00fcrl\u00fc\u011f\u00fc\u2019ne g\u00f6nderildi.<\/p>\n","protected":false},"author":1,"featured_media":27930,"comment_status":"open","ping_status":"open","sticky":false,"template":"","format":"standard","meta":{"_crdt_document":"","footnotes":""},"categories":[5],"tags":[],"class_list":["post-27929","post","type-post","status-publish","format-standard","has-post-thumbnail","hentry","category-asayis"],"_links":{"self":[{"href":"https:\/\/www.egemtv.com\/index.php?rest_route=\/wp\/v2\/posts\/27929","targetHints":{"allow":["GET"]}}],"collection":[{"href":"https:\/\/www.egemtv.com\/index.php?rest_route=\/wp\/v2\/posts"}],"about":[{"href":"https:\/\/www.egemtv.com\/index.php?rest_route=\/wp\/v2\/types\/post"}],"author":[{"embeddable":true,"href":"https:\/\/www.egemtv.com\/index.php?rest_route=\/wp\/v2\/users\/1"}],"replies":[{"embeddable":true,"href":"https:\/\/www.egemtv.com\/index.php?rest_route=%2Fwp%2Fv2%2Fcomments&post=27929"}],"version-history":[{"count":1,"href":"https:\/\/www.egemtv.com\/index.php?rest_route=\/wp\/v2\/posts\/27929\/revisions"}],"predecessor-version":[{"id":27931,"href":"https:\/\/www.egemtv.com\/index.php?rest_route=\/wp\/v2\/posts\/27929\/revisions\/27931"}],"wp:featuredmedia":[{"embeddable":true,"href":"https:\/\/www.egemtv.com\/index.php?rest_route=\/wp\/v2\/media\/27930"}],"wp:attachment":[{"href":"https:\/\/www.egemtv.com\/index.php?rest_route=%2Fwp%2Fv2%2Fmedia&parent=27929"}],"wp:term":[{"taxonomy":"category","embeddable":true,"href":"https:\/\/www.egemtv.com\/index.php?rest_route=%2Fwp%2Fv2%2Fcategories&post=27929"},{"taxonomy":"post_tag","embeddable":true,"href":"https:\/\/www.egemtv.com\/index.php?rest_route=%2Fwp%2Fv2%2Ftags&post=27929"}],"curies":[{"name":"wp","href":"https:\/\/api.w.org\/{rel}","templated":true}]}}