{"id":27926,"date":"2025-05-11T17:46:03","date_gmt":"2025-05-11T14:46:03","guid":{"rendered":"https:\/\/www.egemtv.com\/?p=27926"},"modified":"2025-05-11T17:46:08","modified_gmt":"2025-05-11T14:46:08","slug":"baskan-buyukyapici-anneleri-unutmadi","status":"publish","type":"post","link":"https:\/\/www.egemtv.com\/?p=27926","title":{"rendered":"Ba\u015fkan B\u00fcy\u00fckyap\u0131c\u0131, anneleri unutmad\u0131"},"content":{"rendered":"<p>Karacasu Belediyesi, Anneler G\u00fcn\u00fc vesilesiyle il\u00e7ede ya\u015fayan anneleri unutmad\u0131. Belediye Ba\u015fkan\u0131 Mustafa B\u00fcy\u00fckyap\u0131c\u0131\u2019n\u0131n \u00f6nc\u00fcl\u00fc\u011f\u00fcnde ger\u00e7ekle\u015ftirilen etkinlikte, il\u00e7edeki annelere karanfil arma\u011fan edilerek \u00f6zel g\u00fcnleri kutland\u0131.<br \/>\n<br \/>Belediye ekipleri taraf\u0131ndan g\u00fcn boyunca da\u011f\u0131t\u0131lan karanfiller, Karacasulu annelerin y\u00fczlerinde tebess\u00fcm, y\u00fcreklerinde ise s\u0131cak bir sevgi b\u0131rakt\u0131. Samimi anlara sahne olan etkinlik, vatanda\u015flar taraf\u0131ndan da memnuniyetle kar\u015f\u0131land\u0131.<br \/>\n<br \/>Ba\u015fkan Mustafa B\u00fcy\u00fckyap\u0131c\u0131, &#8220;Annelerimizin hayat\u0131m\u0131zdaki yeri ve de\u011feri \u00f6l\u00e7\u00fclemez. Onlar\u0131n eme\u011fini, sevgisini ne yapsak kar\u015f\u0131layamay\u0131z. Bu \u00f6zel g\u00fcnde onlara k\u00fc\u00e7\u00fck bir jestte bulunarak, g\u00f6n\u00fcllerine dokunmak istedik&#8221; dedi.<br \/>\n<br \/>Konu ile ilgili Karacasu Belediyesi\u2019nden yap\u0131lan payla\u015f\u0131mda ise &#8220;Karacasu Belediyesi olarak, Belediye Ba\u015fkan\u0131m\u0131z Mustafa B\u00fcy\u00fckyap\u0131c\u0131\u2019n\u0131n Anneler G\u00fcn\u00fc vesilesiyle arma\u011fan etti\u011fi karanfillerle, il\u00e7emizdeki annelerimizin g\u00f6n\u00fcllerine dokunduk. Bu anlaml\u0131 g\u00fcnde y\u00fczlerinde tebess\u00fcm, y\u00fcreklerinde sevgi olduk. T\u00fcm annelerimizin Anneler G\u00fcn\u00fc\u2019n\u00fc en i\u00e7ten dileklerimizle kutluyoruz&#8221; ifadeleri yer ald\u0131.<br \/><\/p>\n","protected":false},"excerpt":{"rendered":"<p>Karacasu Belediyesi, Anneler G\u00fcn\u00fc vesilesiyle il\u00e7ede ya\u015fayan anneleri unutmad\u0131. Belediye Ba\u015fkan\u0131 Mustafa B\u00fcy\u00fckyap\u0131c\u0131\u2019n\u0131n \u00f6nc\u00fcl\u00fc\u011f\u00fcnde ger\u00e7ekle\u015ftirilen etkinlikte, il\u00e7edeki annelere karanfil arma\u011fan edilerek \u00f6zel g\u00fcnleri kutland\u0131. Belediye ekipleri taraf\u0131ndan g\u00fcn boyunca da\u011f\u0131t\u0131lan karanfiller, Karacasulu annelerin y\u00fczlerinde tebess\u00fcm, y\u00fcreklerinde ise s\u0131cak bir sevgi b\u0131rakt\u0131. Samimi anlara sahne olan etkinlik, vatanda\u015flar taraf\u0131ndan da memnuniyetle kar\u015f\u0131land\u0131. Ba\u015fkan Mustafa B\u00fcy\u00fckyap\u0131c\u0131, &#8220;Annelerimizin&#8230;<\/p>\n","protected":false},"author":1,"featured_media":27927,"comment_status":"open","ping_status":"open","sticky":false,"template":"","format":"standard","meta":{"_crdt_document":"","footnotes":""},"categories":[1],"tags":[],"class_list":["post-27926","post","type-post","status-publish","format-standard","has-post-thumbnail","hentry","category-guncel"],"_links":{"self":[{"href":"https:\/\/www.egemtv.com\/index.php?rest_route=\/wp\/v2\/posts\/27926","targetHints":{"allow":["GET"]}}],"collection":[{"href":"https:\/\/www.egemtv.com\/index.php?rest_route=\/wp\/v2\/posts"}],"about":[{"href":"https:\/\/www.egemtv.com\/index.php?rest_route=\/wp\/v2\/types\/post"}],"author":[{"embeddable":true,"href":"https:\/\/www.egemtv.com\/index.php?rest_route=\/wp\/v2\/users\/1"}],"replies":[{"embeddable":true,"href":"https:\/\/www.egemtv.com\/index.php?rest_route=%2Fwp%2Fv2%2Fcomments&post=27926"}],"version-history":[{"count":1,"href":"https:\/\/www.egemtv.com\/index.php?rest_route=\/wp\/v2\/posts\/27926\/revisions"}],"predecessor-version":[{"id":27928,"href":"https:\/\/www.egemtv.com\/index.php?rest_route=\/wp\/v2\/posts\/27926\/revisions\/27928"}],"wp:featuredmedia":[{"embeddable":true,"href":"https:\/\/www.egemtv.com\/index.php?rest_route=\/wp\/v2\/media\/27927"}],"wp:attachment":[{"href":"https:\/\/www.egemtv.com\/index.php?rest_route=%2Fwp%2Fv2%2Fmedia&parent=27926"}],"wp:term":[{"taxonomy":"category","embeddable":true,"href":"https:\/\/www.egemtv.com\/index.php?rest_route=%2Fwp%2Fv2%2Fcategories&post=27926"},{"taxonomy":"post_tag","embeddable":true,"href":"https:\/\/www.egemtv.com\/index.php?rest_route=%2Fwp%2Fv2%2Ftags&post=27926"}],"curies":[{"name":"wp","href":"https:\/\/api.w.org\/{rel}","templated":true}]}}