{"id":27923,"date":"2025-05-11T17:45:59","date_gmt":"2025-05-11T14:45:59","guid":{"rendered":"https:\/\/www.egemtv.com\/?p=27923"},"modified":"2025-05-11T17:46:03","modified_gmt":"2025-05-11T14:46:03","slug":"ters-yone-giren-traktor-surucusu-kazaya-davetiye-cikardi","status":"publish","type":"post","link":"https:\/\/www.egemtv.com\/?p=27923","title":{"rendered":"Ters y\u00f6ne giren trakt\u00f6r s\u00fcr\u00fcc\u00fcs\u00fc kazaya davetiye \u00e7\u0131kard\u0131"},"content":{"rendered":"<p>Manisa\u2019n\u0131n Turgutlu il\u00e7esinde Ankara-\u0130zmir karayolunda ters y\u00f6nde ilerleyen trakt\u00f6r s\u00fcr\u00fcc\u00fcs\u00fc, adeta faciaya davetiye \u00e7\u0131kard\u0131. Trakt\u00f6r s\u00fcr\u00fcc\u00fcs\u00fcne 15 bin 587 TL para cezas\u0131 kesilerek, ehliyetine el konuldu.<br \/>\n<br \/>Olay, sabah saatlerinde Ankara-\u0130zmir karayolunun Turgutlu il\u00e7esi Derbent Mahallesi istikametinde meydana geldi. G\u00f6rg\u00fc tan\u0131klar\u0131n\u0131n iddias\u0131na g\u00f6re, 45 ZB 0917 plakal\u0131 s\u00fcr\u00fcc\u00fcs\u00fcn\u00fcn ismi \u00f6\u011frenilemeyen trakt\u00f6r, yo\u011fun ara\u00e7 trafi\u011finin ya\u015fand\u0131\u011f\u0131 anayolda ters y\u00f6nde ilerlemeye ba\u015flad\u0131. S\u00fcr\u00fcc\u00fclerin dikkatli manevralar\u0131 sayesinde herhangi bir kaza ya\u015fanmazken, trakt\u00f6r\u00fcn ters y\u00f6nde ilerleyi\u015fi y\u00fcrekleri a\u011f\u0131zlara getirdi. Durumu fark eden vatanda\u015flar, b\u00fcy\u00fck bir tehlike olu\u015fturan trakt\u00f6r s\u00fcr\u00fcc\u00fcs\u00fcn\u00fc cep telefonlar\u0131yla g\u00f6r\u00fcnt\u00fcleyerek yetkililere ihbarda bulundu. Olay yerine gelen Turgutlu \u0130l\u00e7e Jandarma Komutanl\u0131\u011f\u0131 ekipleri, s\u00fcr\u00fcc\u00fcn\u00fcn kimli\u011fini tespit etmek ve gerekli i\u015flemleri yapmak \u00fczere \u00e7al\u0131\u015fma ba\u015flatt\u0131. Trakt\u00f6r s\u00fcr\u00fcc\u00fcs\u00fcne \u00e7e\u015fitli su\u00e7lardan toplam 15 bin 587 TL para cezas\u0131 kesilirken, s\u00fcr\u00fcc\u00fcn\u00fcn ehliyetine el konuldu\u011fu ve trakt\u00f6r\u00fcn trafikten men edildi\u011fi \u00f6\u011frenildi.<br \/><\/p>\n","protected":false},"excerpt":{"rendered":"<p>Manisa\u2019n\u0131n Turgutlu il\u00e7esinde Ankara-\u0130zmir karayolunda ters y\u00f6nde ilerleyen trakt\u00f6r s\u00fcr\u00fcc\u00fcs\u00fc, adeta faciaya davetiye \u00e7\u0131kard\u0131. Trakt\u00f6r s\u00fcr\u00fcc\u00fcs\u00fcne 15 bin 587 TL para cezas\u0131 kesilerek, ehliyetine el konuldu. Olay, sabah saatlerinde Ankara-\u0130zmir karayolunun Turgutlu il\u00e7esi Derbent Mahallesi istikametinde meydana geldi. G\u00f6rg\u00fc tan\u0131klar\u0131n\u0131n iddias\u0131na g\u00f6re, 45 ZB 0917 plakal\u0131 s\u00fcr\u00fcc\u00fcs\u00fcn\u00fcn ismi \u00f6\u011frenilemeyen trakt\u00f6r, yo\u011fun ara\u00e7 trafi\u011finin ya\u015fand\u0131\u011f\u0131 anayolda&#8230;<\/p>\n","protected":false},"author":1,"featured_media":27924,"comment_status":"open","ping_status":"open","sticky":false,"template":"","format":"standard","meta":{"_crdt_document":"","footnotes":""},"categories":[5],"tags":[],"class_list":["post-27923","post","type-post","status-publish","format-standard","has-post-thumbnail","hentry","category-asayis"],"_links":{"self":[{"href":"https:\/\/www.egemtv.com\/index.php?rest_route=\/wp\/v2\/posts\/27923","targetHints":{"allow":["GET"]}}],"collection":[{"href":"https:\/\/www.egemtv.com\/index.php?rest_route=\/wp\/v2\/posts"}],"about":[{"href":"https:\/\/www.egemtv.com\/index.php?rest_route=\/wp\/v2\/types\/post"}],"author":[{"embeddable":true,"href":"https:\/\/www.egemtv.com\/index.php?rest_route=\/wp\/v2\/users\/1"}],"replies":[{"embeddable":true,"href":"https:\/\/www.egemtv.com\/index.php?rest_route=%2Fwp%2Fv2%2Fcomments&post=27923"}],"version-history":[{"count":1,"href":"https:\/\/www.egemtv.com\/index.php?rest_route=\/wp\/v2\/posts\/27923\/revisions"}],"predecessor-version":[{"id":27925,"href":"https:\/\/www.egemtv.com\/index.php?rest_route=\/wp\/v2\/posts\/27923\/revisions\/27925"}],"wp:featuredmedia":[{"embeddable":true,"href":"https:\/\/www.egemtv.com\/index.php?rest_route=\/wp\/v2\/media\/27924"}],"wp:attachment":[{"href":"https:\/\/www.egemtv.com\/index.php?rest_route=%2Fwp%2Fv2%2Fmedia&parent=27923"}],"wp:term":[{"taxonomy":"category","embeddable":true,"href":"https:\/\/www.egemtv.com\/index.php?rest_route=%2Fwp%2Fv2%2Fcategories&post=27923"},{"taxonomy":"post_tag","embeddable":true,"href":"https:\/\/www.egemtv.com\/index.php?rest_route=%2Fwp%2Fv2%2Ftags&post=27923"}],"curies":[{"name":"wp","href":"https:\/\/api.w.org\/{rel}","templated":true}]}}