{"id":27920,"date":"2025-05-11T17:00:37","date_gmt":"2025-05-11T14:00:37","guid":{"rendered":"https:\/\/www.egemtv.com\/?p=27920"},"modified":"2025-05-11T17:00:41","modified_gmt":"2025-05-11T14:00:41","slug":"marmariste-engelli-vatandastan-belediyeye-tepki-ekmek-kazanmak-istiyorum-ama-yer-vermiyorlar","status":"publish","type":"post","link":"https:\/\/www.egemtv.com\/?p=27920","title":{"rendered":"Marmaris\u2019te engelli vatanda\u015ftan belediyeye tepki: &#8220;Ekmek kazanmak istiyorum ama yer vermiyorlar&#8221;"},"content":{"rendered":"<p>Mu\u011fla\u2019n\u0131n Marmaris il\u00e7esinde ya\u015fayan y\u00fczde 71 engelli H\u00fcseyin \u0130nce, tezgah a\u00e7arak ge\u00e7imini sa\u011flamak isterken kar\u015f\u0131la\u015ft\u0131\u011f\u0131 engelleri dile getirdi. Kaza sonucu sa\u011f aya\u011f\u0131nda ve kolunda platin bulunan, kronik ast\u0131m hastas\u0131 olan \u0130nce, &#8220;Ben dilenmiyorum, sadece kendi ekme\u011fimi kazanmak istiyorum&#8221; dedi. Marmaris Belediyesi\u2019nin defalarca ba\u015fvurmas\u0131na ra\u011fmen kendisine tezgah vermedi\u011fini s\u00f6yleyen \u0130nce, g\u00f6r\u00fc\u015fmek i\u00e7in gitti\u011finde i\u00e7eri al\u0131nmad\u0131\u011f\u0131n\u0131, kimsenin kendisi ile g\u00f6r\u00fc\u015fmedi\u011fini iddia etti.<br \/>\n<br \/>Ge\u00e7irdi\u011fi trafik kazas\u0131 sonucunda bir kolu dirsek \u00fczerinden olmayan, bir aya\u011f\u0131 sakat ve kronik ast\u0131m hastas\u0131 olan, y\u00fczde 71 engelli raporu bulunan H\u00fcseyin \u0130nce (58), belediyeden tezgah kurmas\u0131na izin verilmedi\u011fi i\u00e7in elektrikli \u00fc\u00e7 tekerlekli motoru ile hurdac\u0131l\u0131k yaparak ge\u00e7imini sa\u011fl\u0131yor. Seneler \u00f6nce ge\u00e7irdi\u011fi trafik kazas\u0131n\u0131n ard\u0131ndan Marmaris\u2019e gelen ve burada kemer, c\u00fczdan satarak ge\u00e7imini sa\u011flamaya \u00e7al\u0131\u015fan ancak yeni belediye ba\u015fkanl\u0131\u011f\u0131 y\u00f6netimince sat\u0131\u015f yapmas\u0131na izin verilmedi\u011fini s\u00f6yleyen \u0130nce, yetkililerden destek istedi\u011fini, sa\u011fl\u0131\u011f\u0131 el vermedi\u011fi i\u00e7in daha fazla hurdac\u0131l\u0131k yapamayaca\u011f\u0131n\u0131 belirtti.<br \/>\n<br \/>Hem depo hem de ya\u015fam alan\u0131 olarak kulland\u0131\u011f\u0131 odada satmak i\u00e7in ge\u00e7ti\u011fimiz y\u0131llarda bor\u00e7 parayla sat\u0131n ald\u0131\u011f\u0131 \u00fcr\u00fcnler ile ya\u015fayan H\u00fcseyin \u0130nce, &#8220;Ben 5-6 sefer gittim ve belediye ile kaymakaml\u0131k kanal\u0131yla dilek\u00e7eler g\u00f6nderdim. C\u00fczdan, kemer elimde, peri\u015fan\u0131m, ma\u011fdurum. Daha \u00f6nce hay\u0131r sat\u0131\u015flar\u0131na \u00e7\u0131k\u0131yorduk ama o a\u00e7\u0131lan stantlar\u0131 da kapatt\u0131 bu CHP\u2019li belediye ba\u015fkan\u0131. Ben hay\u0131r sat\u0131\u015flar\u0131nda, panay\u0131rlarda ekme\u011fimi kazanmak i\u00e7in \u00e7al\u0131\u015f\u0131p, kendi eme\u011fimle para kazan\u0131yorum. Burada \u00fcst katta yat\u0131yorum. \u00c7\u00fcnk\u00fc ev kiralar\u0131 y\u00fcksek. Yani bunlarla ge\u00e7im sa\u011fl\u0131yoruz. \u015eimdi bir ast\u0131m hastas\u0131n\u0131n bunu yapmas\u0131 bile uygun de\u011fil. \u00c7\u00fcnk\u00fc hasta oldu\u011fumdan rahats\u0131zl\u0131k verebilir&#8221; diyerek tek eliyle hurdac\u0131l\u0131k yapt\u0131\u011f\u0131n\u0131, as\u0131l mesle\u011fi olan tezgahtarl\u0131\u011f\u0131n yapt\u0131r\u0131lmad\u0131\u011f\u0131n\u0131 s\u00f6yledi.<\/p>\n<p>&#8220;Belediyeden i\u00e7eri almad\u0131lar&#8221;<br \/>\n<br \/>\u0130nce, belediyeden i\u00e7eri dahi almad\u0131klar\u0131n\u0131 iddia ederek, &#8220;Bana y\u00fczde 71 engelli oldu\u011fum halde tezgah yeri vermiyor. C\u00fczdan, kemer satabilmek i\u00e7in kendi hayat\u0131m\u0131 idame etmek zorunday\u0131m. 58 ya\u015f\u0131nday\u0131m, ben kendi ekme\u011fimi kazanmak i\u00e7in m\u00fccadele veren bir insan\u0131m. Ama bu konuda maalesef belediye, engeli olan bana hi\u00e7bir \u015fekilde yard\u0131mc\u0131 olmuyor. Daha \u00f6nce belediyeye dilek\u00e7eler verdim ve belediyeye vard\u0131\u011f\u0131m anda da beni i\u00e7eriye almad\u0131lar. Nedenini sorup, \u2019Engelli insanlar al\u0131nm\u0131yor mu?\u2019 diye sordu\u011fumda ise \u2019Hay\u0131r al\u0131nm\u0131yor\u2019 dediler. Bunu mahkemede de ispatlar\u0131m ben&#8221; diyerek k\u0131r\u0131ld\u0131\u011f\u0131n\u0131 belirtti.<\/p>\n<p>&#8220;Ben kimseden ekmek istemiyorum&#8221;<br \/>\n<br \/>\u0130nce, sa\u011fl\u0131k sorunlar\u0131n\u0131n daha da artt\u0131\u011f\u0131n\u0131 s\u00f6yleyerek, &#8220;En son vermi\u015f oldu\u011fum dilek\u00e7emde de art\u0131k \u00e7aresiz kald\u0131m. Su ve \u00e7orap satmak i\u00e7in yer istiyorum. Buna da hala bir cevap alam\u0131yorum. Daha \u00f6nceki belediye ba\u015fkanlar\u0131 Mehmet Oktay, Ali Acar ve Dursun Bey zaman\u0131nda biz bunlar\u0131 yap\u0131yorduk. Maalesef \u015fu anki ba\u015fkan geldi, d\u00fc\u015fman kesildi. Art\u0131k ama\u00e7 nedir bilinmiyor. Ama her ne olursa olsun benim ekmek kazanmam i\u00e7in destek ve yer laz\u0131m. Ben ekmek istemiyorum, a\u00e7\u0131m demiyorum. Ben kendi ekme\u011fini kazanan bir insan\u0131m. Ama \u015fah\u0131s olarak ben vali yard\u0131mc\u0131s\u0131na gittim, orada vali yard\u0131mc\u0131s\u0131 yaz\u0131 yazd\u0131\u011f\u0131 halde hi\u00e7bir \u015fekilde ilgilenilmedi. Kaymakam Bey de \u00fc\u00e7 sefer dilek\u00e7e g\u00f6nderdi ama yine de hi\u00e7birini umursam\u0131yor. Benim kendisiyle \u015fahsi sorunum olamaz. Kendisi \u015fahsile\u015ftiriyor bu durumu. Demek ki engelliye hi\u00e7bir \u015fekilde destek olmuyor. Ben siyaset yapm\u0131yorum&#8221; diyerek ekmek paras\u0131n\u0131 kazanmak i\u00e7in eskisi gibi tezgah\u0131na kavu\u015fmak istedi\u011fini ifade etti.<br \/>\n<br \/>Engelli vatanda\u015f \u0130nce, yetkililerden yer verilmesini ve sesine kulak verilmesini isteyerek, &#8220;Ne yard\u0131m istiyorum ne sadaka. Ben sadece \u00e7al\u0131\u015fmak istiyorum&#8221; \u015feklinde konu\u015ftu.<br \/><\/p>\n","protected":false},"excerpt":{"rendered":"<p>Mu\u011fla\u2019n\u0131n Marmaris il\u00e7esinde ya\u015fayan y\u00fczde 71 engelli H\u00fcseyin \u0130nce, tezgah a\u00e7arak ge\u00e7imini sa\u011flamak isterken kar\u015f\u0131la\u015ft\u0131\u011f\u0131 engelleri dile getirdi. Kaza sonucu sa\u011f aya\u011f\u0131nda ve kolunda platin bulunan, kronik ast\u0131m hastas\u0131 olan \u0130nce, &#8220;Ben dilenmiyorum, sadece kendi ekme\u011fimi kazanmak istiyorum&#8221; dedi. Marmaris Belediyesi\u2019nin defalarca ba\u015fvurmas\u0131na ra\u011fmen kendisine tezgah vermedi\u011fini s\u00f6yleyen \u0130nce, g\u00f6r\u00fc\u015fmek i\u00e7in gitti\u011finde i\u00e7eri al\u0131nmad\u0131\u011f\u0131n\u0131, kimsenin&#8230;<\/p>\n","protected":false},"author":1,"featured_media":27921,"comment_status":"open","ping_status":"open","sticky":false,"template":"","format":"standard","meta":{"_crdt_document":"","footnotes":""},"categories":[123],"tags":[],"class_list":["post-27920","post","type-post","status-publish","format-standard","has-post-thumbnail","hentry","category-gundem"],"_links":{"self":[{"href":"https:\/\/www.egemtv.com\/index.php?rest_route=\/wp\/v2\/posts\/27920","targetHints":{"allow":["GET"]}}],"collection":[{"href":"https:\/\/www.egemtv.com\/index.php?rest_route=\/wp\/v2\/posts"}],"about":[{"href":"https:\/\/www.egemtv.com\/index.php?rest_route=\/wp\/v2\/types\/post"}],"author":[{"embeddable":true,"href":"https:\/\/www.egemtv.com\/index.php?rest_route=\/wp\/v2\/users\/1"}],"replies":[{"embeddable":true,"href":"https:\/\/www.egemtv.com\/index.php?rest_route=%2Fwp%2Fv2%2Fcomments&post=27920"}],"version-history":[{"count":1,"href":"https:\/\/www.egemtv.com\/index.php?rest_route=\/wp\/v2\/posts\/27920\/revisions"}],"predecessor-version":[{"id":27922,"href":"https:\/\/www.egemtv.com\/index.php?rest_route=\/wp\/v2\/posts\/27920\/revisions\/27922"}],"wp:featuredmedia":[{"embeddable":true,"href":"https:\/\/www.egemtv.com\/index.php?rest_route=\/wp\/v2\/media\/27921"}],"wp:attachment":[{"href":"https:\/\/www.egemtv.com\/index.php?rest_route=%2Fwp%2Fv2%2Fmedia&parent=27920"}],"wp:term":[{"taxonomy":"category","embeddable":true,"href":"https:\/\/www.egemtv.com\/index.php?rest_route=%2Fwp%2Fv2%2Fcategories&post=27920"},{"taxonomy":"post_tag","embeddable":true,"href":"https:\/\/www.egemtv.com\/index.php?rest_route=%2Fwp%2Fv2%2Ftags&post=27920"}],"curies":[{"name":"wp","href":"https:\/\/api.w.org\/{rel}","templated":true}]}}