{"id":27917,"date":"2025-05-11T17:00:29","date_gmt":"2025-05-11T14:00:29","guid":{"rendered":"https:\/\/www.egemtv.com\/?p=27917"},"modified":"2025-05-11T17:00:37","modified_gmt":"2025-05-11T14:00:37","slug":"burdurda-otomobil-sarampole-devrildi-1i-cocuk-5-yarali","status":"publish","type":"post","link":"https:\/\/www.egemtv.com\/?p=27917","title":{"rendered":"Burdur\u2019da otomobil \u015farampole devrildi: 1\u2019i \u00e7ocuk 5 yaral\u0131"},"content":{"rendered":"<p>Burdur\u2019un Merkez il\u00e7esine ba\u011fl\u0131 Karakent k\u00f6y\u00fcnde Fiat Tofa\u015f marka otomobilin \u015farampole devrilmesi sonucu 1\u2019i \u00e7ocuk 5 ki\u015fi yaraland\u0131.<br \/>\n<br \/>Kaza, saat 16.15 s\u0131ralar\u0131nda Merkez il\u00e7eye ba\u011fl\u0131 Karakent k\u00f6y\u00fcnde meydana geldi. Edinilen bilgilere g\u00f6re, Zuhal A. (51) idaresindeki 09 KT 926 plakal\u0131 Fiat Tofa\u015f marka otomobil, s\u00fcr\u00fcc\u00fcs\u00fcn\u00fcn direksiyon h\u00e2kimiyetini kaybetmesi sonucu kontrolden \u00e7\u0131karak \u015farampole devrildi. Kazada s\u00fcr\u00fcc\u00fc Zuhal A. ile ara\u00e7ta yolcu olarak bulunan Mehmet A. (31), Sevda A. (32), G\u00f6kt\u00fcrk Musa A. (4) ve S\u0131dd\u0131ka Y. (79) yaraland\u0131. Kazay\u0131 g\u00f6ren vatanda\u015flar\u0131n durumu 112 Acil \u00c7a\u011fr\u0131 Merkezi\u2019ne bildirmesi \u00fczerine olay yerine jandarma, itfaiye ve sa\u011fl\u0131k ekipleri sevk edildi. Ara\u00e7ta s\u0131k\u0131\u015fan yaral\u0131lar, itfaiye ekiplerinin m\u00fcdahalesiyle bulunduklar\u0131 yerden \u00e7\u0131kar\u0131larak sa\u011fl\u0131k ekiplerine teslim edildi. \u0130lk m\u00fcdahaleleri olay yerinde yap\u0131lan yaral\u0131lar, daha sonra ambulanslarla Burdur Devlet Hastanesi\u2019ne kald\u0131r\u0131ld\u0131.<br \/>\n<br \/>Kazayla ilgili inceleme ba\u015flat\u0131ld\u0131.<br \/><\/p>\n","protected":false},"excerpt":{"rendered":"<p>Burdur\u2019un Merkez il\u00e7esine ba\u011fl\u0131 Karakent k\u00f6y\u00fcnde Fiat Tofa\u015f marka otomobilin \u015farampole devrilmesi sonucu 1\u2019i \u00e7ocuk 5 ki\u015fi yaraland\u0131. Kaza, saat 16.15 s\u0131ralar\u0131nda Merkez il\u00e7eye ba\u011fl\u0131 Karakent k\u00f6y\u00fcnde meydana geldi. Edinilen bilgilere g\u00f6re, Zuhal A. (51) idaresindeki 09 KT 926 plakal\u0131 Fiat Tofa\u015f marka otomobil, s\u00fcr\u00fcc\u00fcs\u00fcn\u00fcn direksiyon h\u00e2kimiyetini kaybetmesi sonucu kontrolden \u00e7\u0131karak \u015farampole devrildi. Kazada s\u00fcr\u00fcc\u00fc&#8230;<\/p>\n","protected":false},"author":1,"featured_media":27918,"comment_status":"open","ping_status":"open","sticky":false,"template":"","format":"standard","meta":{"_crdt_document":"","footnotes":""},"categories":[5],"tags":[],"class_list":["post-27917","post","type-post","status-publish","format-standard","has-post-thumbnail","hentry","category-asayis"],"_links":{"self":[{"href":"https:\/\/www.egemtv.com\/index.php?rest_route=\/wp\/v2\/posts\/27917","targetHints":{"allow":["GET"]}}],"collection":[{"href":"https:\/\/www.egemtv.com\/index.php?rest_route=\/wp\/v2\/posts"}],"about":[{"href":"https:\/\/www.egemtv.com\/index.php?rest_route=\/wp\/v2\/types\/post"}],"author":[{"embeddable":true,"href":"https:\/\/www.egemtv.com\/index.php?rest_route=\/wp\/v2\/users\/1"}],"replies":[{"embeddable":true,"href":"https:\/\/www.egemtv.com\/index.php?rest_route=%2Fwp%2Fv2%2Fcomments&post=27917"}],"version-history":[{"count":1,"href":"https:\/\/www.egemtv.com\/index.php?rest_route=\/wp\/v2\/posts\/27917\/revisions"}],"predecessor-version":[{"id":27919,"href":"https:\/\/www.egemtv.com\/index.php?rest_route=\/wp\/v2\/posts\/27917\/revisions\/27919"}],"wp:featuredmedia":[{"embeddable":true,"href":"https:\/\/www.egemtv.com\/index.php?rest_route=\/wp\/v2\/media\/27918"}],"wp:attachment":[{"href":"https:\/\/www.egemtv.com\/index.php?rest_route=%2Fwp%2Fv2%2Fmedia&parent=27917"}],"wp:term":[{"taxonomy":"category","embeddable":true,"href":"https:\/\/www.egemtv.com\/index.php?rest_route=%2Fwp%2Fv2%2Fcategories&post=27917"},{"taxonomy":"post_tag","embeddable":true,"href":"https:\/\/www.egemtv.com\/index.php?rest_route=%2Fwp%2Fv2%2Ftags&post=27917"}],"curies":[{"name":"wp","href":"https:\/\/api.w.org\/{rel}","templated":true}]}}