{"id":27914,"date":"2025-05-11T16:21:39","date_gmt":"2025-05-11T13:21:39","guid":{"rendered":"https:\/\/www.egemtv.com\/?p=27914"},"modified":"2025-05-11T16:21:46","modified_gmt":"2025-05-11T13:21:46","slug":"datcada-2-bin-500-yillik-hayal-24-kez-gercege-donusturuldu","status":"publish","type":"post","link":"https:\/\/www.egemtv.com\/?p=27914","title":{"rendered":"Dat\u00e7a\u2019da 2 bin 500 y\u0131ll\u0131k hayal, 24. kez ger\u00e7e\u011fe d\u00f6n\u00fc\u015ft\u00fcr\u00fcld\u00fc"},"content":{"rendered":"<p>Ege ile Akdeniz\u2019in birle\u015fme noktas\u0131 olan Mu\u011fla\u2019n\u0131n Dat\u00e7a il\u00e7esinde su testilerine doldurulan ve Akdeniz\u2019den Ege\u2019ye sembolik olarak ta\u015f\u0131nan deniz suyu, d\u00fczenlenen t\u00f6renle Ege Denizi\u2019ne d\u00f6k\u00fcld\u00fc.<\/p>\n<p>Antik \u00e7a\u011fda Mu\u011fla\u2019n\u0131n Dat\u00e7a il\u00e7esinde ya\u015fayan Knidoslular\u0131n, Akdeniz ile Ege Denizi suyunun birle\u015fmesini sa\u011flamak amac\u0131yla kanal a\u00e7maya \u00e7al\u0131\u015ft\u0131klar\u0131 bilinirken, ba\u015far\u0131s\u0131zl\u0131kla sonu\u00e7lanan \u00e7al\u0131\u015fma yakla\u015f\u0131k 2 bin 500 y\u0131l sonra ger\u00e7ek oldu. Bu y\u0131l 24.\u2019s\u00fc d\u00fczenlenen Akdeniz\u2019den Ege\u2019ye Dostluk ve Do\u011fa Y\u00fcr\u00fcy\u00fc\u015f\u00fc kapsam\u0131nda Akdeniz\u2019den al\u0131nan ve testilerle ta\u015f\u0131nan deniz suyu, bu y\u0131l 24. kez Ege Denizi ile bulu\u015fturuldu. Dat\u00e7a \u00c7evre ve Turizm Derne\u011fi\u2019nin (DA\u00c7EV) giri\u015fimi, Dat\u00e7a Kaymakaml\u0131\u011f\u0131 ve Dat\u00e7a Belediyesi\u2019nin katk\u0131lar\u0131 ile her y\u0131l d\u00fczenlenen geleneksel y\u00fcr\u00fcy\u00fc\u015f sabah saatlerinde Cumhuriyet Meydan\u0131\u2019nda ba\u015flad\u0131. Ege Denizi\u2019ne g\u00f6t\u00fcr\u00fclmek \u00fczere \u00c7atalma\u011fara \u00f6n\u00fcnden Dat\u00e7a testilerine doldurulan Akdeniz suyu, belirlenen g\u00fczergah \u00fczerinden G\u00f6kova k\u00f6rfezi k\u0131y\u0131s\u0131ndaki Gereme koyunda bulunan Kat\u0131yal\u0131 mevkiine ula\u015ft\u0131rmak \u00fczere davul zurna e\u015fli\u011finde yola \u00e7\u0131kar\u0131ld\u0131. Yakla\u015f\u0131k 4 saat s\u00fcren y\u00fcr\u00fcy\u00fc\u015f\u00fcn ard\u0131ndan testilerle birlikte Kat\u0131yal\u0131 mevkiine ula\u015fan ekip, Akdeniz\u2019den al\u0131nan deniz suyunu Ege Denizi\u2019ne d\u00f6kt\u00fc. Dat\u00e7a Kaymakam\u0131 Murat At\u0131c\u0131 ve D\u00fczenleme Komitesi taraf\u0131ndan testilere doldurulan sular, Ege Denizi\u2019ne d\u00f6k\u00fcld\u00fc.<\/p>\n<p>2 bin 500 y\u0131ll\u0131k hayalin temsili olarak ger\u00e7e\u011fe d\u00f6n\u00fc\u015ft\u00fcr\u00fcld\u00fc\u011f\u00fc etkinli\u011fin ard\u0131ndan, vatanda\u015flara ke\u015fkek ikram edildi. Piknik havas\u0131nda ge\u00e7en etkinlikte, kat\u0131l\u0131mc\u0131lar doyas\u0131ya e\u011flenirken, davul zurna e\u015fli\u011finde ger\u00e7ekle\u015ftirilen kutlamalarda renkli g\u00f6r\u00fcnt\u00fcler ortaya \u00e7\u0131kt\u0131.<br \/><\/p>\n","protected":false},"excerpt":{"rendered":"<p>Ege ile Akdeniz\u2019in birle\u015fme noktas\u0131 olan Mu\u011fla\u2019n\u0131n Dat\u00e7a il\u00e7esinde su testilerine doldurulan ve Akdeniz\u2019den Ege\u2019ye sembolik olarak ta\u015f\u0131nan deniz suyu, d\u00fczenlenen t\u00f6renle Ege Denizi\u2019ne d\u00f6k\u00fcld\u00fc. Antik \u00e7a\u011fda Mu\u011fla\u2019n\u0131n Dat\u00e7a il\u00e7esinde ya\u015fayan Knidoslular\u0131n, Akdeniz ile Ege Denizi suyunun birle\u015fmesini sa\u011flamak amac\u0131yla kanal a\u00e7maya \u00e7al\u0131\u015ft\u0131klar\u0131 bilinirken, ba\u015far\u0131s\u0131zl\u0131kla sonu\u00e7lanan \u00e7al\u0131\u015fma yakla\u015f\u0131k 2 bin 500 y\u0131l sonra ger\u00e7ek oldu&#8230;.<\/p>\n","protected":false},"author":1,"featured_media":27915,"comment_status":"open","ping_status":"open","sticky":false,"template":"","format":"standard","meta":{"_crdt_document":"","footnotes":""},"categories":[1],"tags":[],"class_list":["post-27914","post","type-post","status-publish","format-standard","has-post-thumbnail","hentry","category-guncel"],"_links":{"self":[{"href":"https:\/\/www.egemtv.com\/index.php?rest_route=\/wp\/v2\/posts\/27914","targetHints":{"allow":["GET"]}}],"collection":[{"href":"https:\/\/www.egemtv.com\/index.php?rest_route=\/wp\/v2\/posts"}],"about":[{"href":"https:\/\/www.egemtv.com\/index.php?rest_route=\/wp\/v2\/types\/post"}],"author":[{"embeddable":true,"href":"https:\/\/www.egemtv.com\/index.php?rest_route=\/wp\/v2\/users\/1"}],"replies":[{"embeddable":true,"href":"https:\/\/www.egemtv.com\/index.php?rest_route=%2Fwp%2Fv2%2Fcomments&post=27914"}],"version-history":[{"count":1,"href":"https:\/\/www.egemtv.com\/index.php?rest_route=\/wp\/v2\/posts\/27914\/revisions"}],"predecessor-version":[{"id":27916,"href":"https:\/\/www.egemtv.com\/index.php?rest_route=\/wp\/v2\/posts\/27914\/revisions\/27916"}],"wp:featuredmedia":[{"embeddable":true,"href":"https:\/\/www.egemtv.com\/index.php?rest_route=\/wp\/v2\/media\/27915"}],"wp:attachment":[{"href":"https:\/\/www.egemtv.com\/index.php?rest_route=%2Fwp%2Fv2%2Fmedia&parent=27914"}],"wp:term":[{"taxonomy":"category","embeddable":true,"href":"https:\/\/www.egemtv.com\/index.php?rest_route=%2Fwp%2Fv2%2Fcategories&post=27914"},{"taxonomy":"post_tag","embeddable":true,"href":"https:\/\/www.egemtv.com\/index.php?rest_route=%2Fwp%2Fv2%2Ftags&post=27914"}],"curies":[{"name":"wp","href":"https:\/\/api.w.org\/{rel}","templated":true}]}}