{"id":27908,"date":"2025-05-11T16:21:29","date_gmt":"2025-05-11T13:21:29","guid":{"rendered":"https:\/\/www.egemtv.com\/?p=27908"},"modified":"2025-05-11T16:21:34","modified_gmt":"2025-05-11T13:21:34","slug":"evde-agir-koku-ihbarina-gelen-polis-cesetle-karsilasti","status":"publish","type":"post","link":"https:\/\/www.egemtv.com\/?p=27908","title":{"rendered":"Evde a\u011f\u0131r koku ihbar\u0131na gelen polis cesetle kar\u015f\u0131la\u015ft\u0131"},"content":{"rendered":"<p>Burdur\u2019da kendisinden 15 g\u00fcnd\u00fcr haber al\u0131namayan 63 ya\u015f\u0131ndaki adam, evinden gelen kokudan \u015f\u00fcphelenen kom\u015fular\u0131n\u0131n ihbar\u0131 sonras\u0131 eve gelen polis ekipleri taraf\u0131ndan \u00f6l\u00fc bulundu.<br \/>\n<br \/>Olay, saat 13.00 s\u0131ralar\u0131nda merkez Cemil Mahallesi Balaban Sokak\u2019ta meydana geldi. Edinilen bilgilere g\u00f6re, kendisinden 15 g\u00fcnd\u00fcr haber al\u0131namayan Y\u00fcksel Ayten\u2019in (63) evinden k\u00f6t\u00fc kokular geldi\u011fini fark eden kom\u015fular\u0131 durumu 112 Acil \u00c7a\u011fr\u0131 Merkezine bildirdi. \u0130hbar \u00fczerine olay yerine sa\u011fl\u0131k, polis ve itfaiye ekipleri sevk edildi. Olay yerine gelen itfaiye ekiplerinin a\u00e7t\u0131\u011f\u0131 kap\u0131dan eve giren polis ekipleri, Ayten\u2019i yerde hareketsiz halde buldu. Sa\u011fl\u0131k ekiplerinin yapt\u0131\u011f\u0131 kontrollerde ise Ayten\u2019in yakla\u015f\u0131k 15 g\u00fcn \u00f6nce hayat\u0131n\u0131 kaybetti\u011fi belirledi. Olay yeri inceleme ve cumhuriyet savc\u0131s\u0131n\u0131n \u00e7al\u0131\u015fmalar\u0131n\u0131n ard\u0131ndan Ayten\u2019in cenazesi morga kald\u0131r\u0131ld\u0131.<br \/>\n<br \/>Evden gelen koku ihbar\u0131n\u0131 yapan kom\u015fu G\u00f6khan \u0130nce, &#8220;Kom\u015fular\u0131m\u0131z\u0131n Y\u00fcksel Ayten\u2019in evinden koku geldi\u011fini s\u00f6ylemesi ve i\u00e7eride sineklerin oldu\u011funu s\u00f6ylemesi \u00fczerine 112 Acil \u00c7a\u011fr\u0131 Merkezine ihbarda bulundum. Daha sonra polis ekipleri geldi. Evin yedek anahtar\u0131n\u0131 bulup kap\u0131y\u0131 a\u00e7t\u0131lar. Y\u00fcksel Ayten\u2019i olay yerinde \u00f6lm\u00fc\u015f olarak buldular. En son iki hafta \u00f6nce g\u00f6rd\u00fcm. Hatta bakkal\u0131n \u00f6n\u00fcnde merhabala\u015ft\u0131k. Ben gittikten sonra ustalarla konu\u015fmu\u015f. Ondan sonra da hi\u00e7 g\u00f6rmedim tek ba\u015f\u0131na ya\u015f\u0131yordu&#8221; dedi.<br \/>\n<br \/>Olaya ili\u015fkin inceleme ba\u015flat\u0131ld\u0131.<br \/><\/p>\n","protected":false},"excerpt":{"rendered":"<p>Burdur\u2019da kendisinden 15 g\u00fcnd\u00fcr haber al\u0131namayan 63 ya\u015f\u0131ndaki adam, evinden gelen kokudan \u015f\u00fcphelenen kom\u015fular\u0131n\u0131n ihbar\u0131 sonras\u0131 eve gelen polis ekipleri taraf\u0131ndan \u00f6l\u00fc bulundu. Olay, saat 13.00 s\u0131ralar\u0131nda merkez Cemil Mahallesi Balaban Sokak\u2019ta meydana geldi. Edinilen bilgilere g\u00f6re, kendisinden 15 g\u00fcnd\u00fcr haber al\u0131namayan Y\u00fcksel Ayten\u2019in (63) evinden k\u00f6t\u00fc kokular geldi\u011fini fark eden kom\u015fular\u0131 durumu 112 Acil&#8230;<\/p>\n","protected":false},"author":1,"featured_media":27909,"comment_status":"open","ping_status":"open","sticky":false,"template":"","format":"standard","meta":{"_crdt_document":"","footnotes":""},"categories":[5],"tags":[],"class_list":["post-27908","post","type-post","status-publish","format-standard","has-post-thumbnail","hentry","category-asayis"],"_links":{"self":[{"href":"https:\/\/www.egemtv.com\/index.php?rest_route=\/wp\/v2\/posts\/27908","targetHints":{"allow":["GET"]}}],"collection":[{"href":"https:\/\/www.egemtv.com\/index.php?rest_route=\/wp\/v2\/posts"}],"about":[{"href":"https:\/\/www.egemtv.com\/index.php?rest_route=\/wp\/v2\/types\/post"}],"author":[{"embeddable":true,"href":"https:\/\/www.egemtv.com\/index.php?rest_route=\/wp\/v2\/users\/1"}],"replies":[{"embeddable":true,"href":"https:\/\/www.egemtv.com\/index.php?rest_route=%2Fwp%2Fv2%2Fcomments&post=27908"}],"version-history":[{"count":1,"href":"https:\/\/www.egemtv.com\/index.php?rest_route=\/wp\/v2\/posts\/27908\/revisions"}],"predecessor-version":[{"id":27910,"href":"https:\/\/www.egemtv.com\/index.php?rest_route=\/wp\/v2\/posts\/27908\/revisions\/27910"}],"wp:featuredmedia":[{"embeddable":true,"href":"https:\/\/www.egemtv.com\/index.php?rest_route=\/wp\/v2\/media\/27909"}],"wp:attachment":[{"href":"https:\/\/www.egemtv.com\/index.php?rest_route=%2Fwp%2Fv2%2Fmedia&parent=27908"}],"wp:term":[{"taxonomy":"category","embeddable":true,"href":"https:\/\/www.egemtv.com\/index.php?rest_route=%2Fwp%2Fv2%2Fcategories&post=27908"},{"taxonomy":"post_tag","embeddable":true,"href":"https:\/\/www.egemtv.com\/index.php?rest_route=%2Fwp%2Fv2%2Ftags&post=27908"}],"curies":[{"name":"wp","href":"https:\/\/api.w.org\/{rel}","templated":true}]}}