{"id":27905,"date":"2025-05-11T15:36:33","date_gmt":"2025-05-11T12:36:33","guid":{"rendered":"https:\/\/www.egemtv.com\/?p=27905"},"modified":"2025-05-11T15:36:35","modified_gmt":"2025-05-11T12:36:35","slug":"ispartada-yolcu-otobusunde-uyusturucu-operasyonu-1-gozalti","status":"publish","type":"post","link":"https:\/\/www.egemtv.com\/?p=27905","title":{"rendered":"Isparta\u2019da yolcu otob\u00fcs\u00fcnde uyu\u015fturucu operasyonu: 1 g\u00f6zalt\u0131"},"content":{"rendered":"<p>Antalya\u2019dan Isparta\u2019ya gelen bir yolcu otob\u00fcs\u00fcnde yap\u0131lan aramada, 729 kullan\u0131ml\u0131k k\u00e2\u011f\u0131da emdirilmi\u015f sentetik kannabinoid ele ge\u00e7irildi. Olayla ilgili 1 \u015f\u00fcpheli g\u00f6zalt\u0131na al\u0131nd\u0131.<br \/>\n<br \/>Isparta \u0130l Emniyet M\u00fcd\u00fcrl\u00fc\u011f\u00fc ekipleri, uyu\u015fturucu madde ticareti ve naklinin \u00f6nlenmesine y\u00f6nelik y\u00fcr\u00fct\u00fclen \u00e7al\u0131\u015fmalar kapsam\u0131nda ba\u015far\u0131l\u0131 bir operasyona imza att\u0131. 10 May\u0131s g\u00fcn\u00fc Antalya\u2019dan Isparta\u2019ya gelen bir yolcu otob\u00fcs\u00fcnde yap\u0131lan kontrollerde, k\u00e2\u011f\u0131da emdirilmi\u015f 729 kullan\u0131ml\u0131k sentetik kannabinoid maddesi ele ge\u00e7irildi. Uyu\u015fturucu maddenin ticaret ama\u00e7l\u0131 ta\u015f\u0131nd\u0131\u011f\u0131 de\u011ferlendirilirken, olayla ilgili 1 \u015f\u00fcpheli yakalanarak g\u00f6zalt\u0131na al\u0131nd\u0131. \u015e\u00fcpheli \u015fah\u0131s hakk\u0131nda, &#8220;Uyu\u015fturucu veya Uyar\u0131c\u0131 Madde Ticareti Yapma veya Sa\u011flama&#8221; su\u00e7u kapsam\u0131nda yasal i\u015flem ba\u015flat\u0131ld\u0131\u011f\u0131 bildirildi.<br \/><\/p>\n","protected":false},"excerpt":{"rendered":"<p>Antalya\u2019dan Isparta\u2019ya gelen bir yolcu otob\u00fcs\u00fcnde yap\u0131lan aramada, 729 kullan\u0131ml\u0131k k\u00e2\u011f\u0131da emdirilmi\u015f sentetik kannabinoid ele ge\u00e7irildi. Olayla ilgili 1 \u015f\u00fcpheli g\u00f6zalt\u0131na al\u0131nd\u0131. Isparta \u0130l Emniyet M\u00fcd\u00fcrl\u00fc\u011f\u00fc ekipleri, uyu\u015fturucu madde ticareti ve naklinin \u00f6nlenmesine y\u00f6nelik y\u00fcr\u00fct\u00fclen \u00e7al\u0131\u015fmalar kapsam\u0131nda ba\u015far\u0131l\u0131 bir operasyona imza att\u0131. 10 May\u0131s g\u00fcn\u00fc Antalya\u2019dan Isparta\u2019ya gelen bir yolcu otob\u00fcs\u00fcnde yap\u0131lan kontrollerde, k\u00e2\u011f\u0131da emdirilmi\u015f&#8230;<\/p>\n","protected":false},"author":1,"featured_media":27906,"comment_status":"open","ping_status":"open","sticky":false,"template":"","format":"standard","meta":{"_crdt_document":"","footnotes":""},"categories":[5],"tags":[],"class_list":["post-27905","post","type-post","status-publish","format-standard","has-post-thumbnail","hentry","category-asayis"],"_links":{"self":[{"href":"https:\/\/www.egemtv.com\/index.php?rest_route=\/wp\/v2\/posts\/27905","targetHints":{"allow":["GET"]}}],"collection":[{"href":"https:\/\/www.egemtv.com\/index.php?rest_route=\/wp\/v2\/posts"}],"about":[{"href":"https:\/\/www.egemtv.com\/index.php?rest_route=\/wp\/v2\/types\/post"}],"author":[{"embeddable":true,"href":"https:\/\/www.egemtv.com\/index.php?rest_route=\/wp\/v2\/users\/1"}],"replies":[{"embeddable":true,"href":"https:\/\/www.egemtv.com\/index.php?rest_route=%2Fwp%2Fv2%2Fcomments&post=27905"}],"version-history":[{"count":1,"href":"https:\/\/www.egemtv.com\/index.php?rest_route=\/wp\/v2\/posts\/27905\/revisions"}],"predecessor-version":[{"id":27907,"href":"https:\/\/www.egemtv.com\/index.php?rest_route=\/wp\/v2\/posts\/27905\/revisions\/27907"}],"wp:featuredmedia":[{"embeddable":true,"href":"https:\/\/www.egemtv.com\/index.php?rest_route=\/wp\/v2\/media\/27906"}],"wp:attachment":[{"href":"https:\/\/www.egemtv.com\/index.php?rest_route=%2Fwp%2Fv2%2Fmedia&parent=27905"}],"wp:term":[{"taxonomy":"category","embeddable":true,"href":"https:\/\/www.egemtv.com\/index.php?rest_route=%2Fwp%2Fv2%2Fcategories&post=27905"},{"taxonomy":"post_tag","embeddable":true,"href":"https:\/\/www.egemtv.com\/index.php?rest_route=%2Fwp%2Fv2%2Ftags&post=27905"}],"curies":[{"name":"wp","href":"https:\/\/api.w.org\/{rel}","templated":true}]}}