{"id":27902,"date":"2025-05-11T15:18:27","date_gmt":"2025-05-11T12:18:27","guid":{"rendered":"https:\/\/www.egemtv.com\/?p=27902"},"modified":"2025-05-11T15:18:31","modified_gmt":"2025-05-11T12:18:31","slug":"kendisinden-haber-alinamayan-bir-kisi-tarlada-olu-bulundu","status":"publish","type":"post","link":"https:\/\/www.egemtv.com\/?p=27902","title":{"rendered":"Kendisinden haber al\u0131namayan bir ki\u015fi tarlada \u00f6l\u00fc bulundu"},"content":{"rendered":"<p>Ayd\u0131n\u2019\u0131n \u00c7ine il\u00e7esinde kendisinden haber al\u0131namayan 65 ya\u015f\u0131ndaki \u00d6nel Kasap, tarlada \u00f6l\u00fc olarak bulundu.<br \/>\n<br \/>Olay, \u00c7ine il\u00e7esi Evciler Mahallesi\u2019nde meydana geldi. Edinilen bilgiye g\u00f6re, tarlaya giden 65 ya\u015f\u0131ndaki \u00d6nel Kasap\u2019tan ailesi bir s\u00fcre sonra haber alamad\u0131. Ula\u015f\u0131lamayan Kasap i\u00e7in endi\u015felenen yak\u0131nlar\u0131 durumu 112 Acil \u00c7a\u011fr\u0131 Merkezi\u2019ne bildirdi. O esnada babas\u0131n\u0131 aramaya \u00e7\u0131kan Kamil Kasap, tarlada hareketsiz bir \u015fekilde yatan biri oldu\u011funu fark etti. Yan\u0131na gitti\u011finde \u015fahs\u0131n babas\u0131 oldu\u011funu ve nefes almad\u0131\u011f\u0131n\u0131 g\u00f6rd\u00fc. \u0130hbar \u00fczerine olay yerine jandarma ve sa\u011fl\u0131k ekipleri sevk edildi. K\u0131sa s\u00fcrede olay yerine gelen sa\u011fl\u0131k ekipleri Kasap\u2019\u0131n hayat\u0131n\u0131 kaybetti\u011fini belirledi. Kasap\u2019\u0131n ani \u00f6l\u00fcm\u00fc ailesi ve sevenlerini yasa bo\u011farken, kalp ve \u015feker hastas\u0131 oldu\u011fu \u00f6\u011frenildi. Olayla ilgili soru\u015fturma ba\u015flat\u0131ld\u0131.<br \/><\/p>\n","protected":false},"excerpt":{"rendered":"<p>Ayd\u0131n\u2019\u0131n \u00c7ine il\u00e7esinde kendisinden haber al\u0131namayan 65 ya\u015f\u0131ndaki \u00d6nel Kasap, tarlada \u00f6l\u00fc olarak bulundu. Olay, \u00c7ine il\u00e7esi Evciler Mahallesi\u2019nde meydana geldi. Edinilen bilgiye g\u00f6re, tarlaya giden 65 ya\u015f\u0131ndaki \u00d6nel Kasap\u2019tan ailesi bir s\u00fcre sonra haber alamad\u0131. Ula\u015f\u0131lamayan Kasap i\u00e7in endi\u015felenen yak\u0131nlar\u0131 durumu 112 Acil \u00c7a\u011fr\u0131 Merkezi\u2019ne bildirdi. O esnada babas\u0131n\u0131 aramaya \u00e7\u0131kan Kamil Kasap, tarlada&#8230;<\/p>\n","protected":false},"author":1,"featured_media":27903,"comment_status":"open","ping_status":"open","sticky":false,"template":"","format":"standard","meta":{"_crdt_document":"","footnotes":""},"categories":[5],"tags":[],"class_list":["post-27902","post","type-post","status-publish","format-standard","has-post-thumbnail","hentry","category-asayis"],"_links":{"self":[{"href":"https:\/\/www.egemtv.com\/index.php?rest_route=\/wp\/v2\/posts\/27902","targetHints":{"allow":["GET"]}}],"collection":[{"href":"https:\/\/www.egemtv.com\/index.php?rest_route=\/wp\/v2\/posts"}],"about":[{"href":"https:\/\/www.egemtv.com\/index.php?rest_route=\/wp\/v2\/types\/post"}],"author":[{"embeddable":true,"href":"https:\/\/www.egemtv.com\/index.php?rest_route=\/wp\/v2\/users\/1"}],"replies":[{"embeddable":true,"href":"https:\/\/www.egemtv.com\/index.php?rest_route=%2Fwp%2Fv2%2Fcomments&post=27902"}],"version-history":[{"count":1,"href":"https:\/\/www.egemtv.com\/index.php?rest_route=\/wp\/v2\/posts\/27902\/revisions"}],"predecessor-version":[{"id":27904,"href":"https:\/\/www.egemtv.com\/index.php?rest_route=\/wp\/v2\/posts\/27902\/revisions\/27904"}],"wp:featuredmedia":[{"embeddable":true,"href":"https:\/\/www.egemtv.com\/index.php?rest_route=\/wp\/v2\/media\/27903"}],"wp:attachment":[{"href":"https:\/\/www.egemtv.com\/index.php?rest_route=%2Fwp%2Fv2%2Fmedia&parent=27902"}],"wp:term":[{"taxonomy":"category","embeddable":true,"href":"https:\/\/www.egemtv.com\/index.php?rest_route=%2Fwp%2Fv2%2Fcategories&post=27902"},{"taxonomy":"post_tag","embeddable":true,"href":"https:\/\/www.egemtv.com\/index.php?rest_route=%2Fwp%2Fv2%2Ftags&post=27902"}],"curies":[{"name":"wp","href":"https:\/\/api.w.org\/{rel}","templated":true}]}}