{"id":27899,"date":"2025-05-11T14:56:38","date_gmt":"2025-05-11T11:56:38","guid":{"rendered":"https:\/\/www.egemtv.com\/?p=27899"},"modified":"2025-05-11T14:56:43","modified_gmt":"2025-05-11T11:56:43","slug":"genc-yasta-hayatini-kaybetti","status":"publish","type":"post","link":"https:\/\/www.egemtv.com\/?p=27899","title":{"rendered":"Gen\u00e7 ya\u015fta hayat\u0131n\u0131 kaybetti"},"content":{"rendered":"<p>Ayd\u0131n\u2019\u0131n \u00c7ine il\u00e7esinde ya\u015fayan 31 ya\u015f\u0131ndaki Ferhat Bal, kalbine yenik d\u00fc\u015ft\u00fc.<br \/>\n<br \/>Ayd\u0131n B\u00fcy\u00fck\u015fehir Belediyesi Ayd\u0131n Su ve Kanalizasyon \u0130daresi\u2019nde (ASK\u0130) \u00e7al\u0131\u015ft\u0131\u011f\u0131 \u00f6\u011frenilen Ferhat Bal (31) kalbine yenik d\u00fc\u015ft\u00fc. Edinilen bilgiye g\u00f6re, \u00c7ine\u2019nin Ovac\u0131k Mahallesi\u2019nde ya\u015fayan Bal, \u00f6ks\u00fcr\u00fck \u015fikayetiyle hastaneye gitti. Tedavi i\u00e7in gitti\u011fi hastanede fenala\u015fan ve bir ka\u00e7 kez kez kalbi duran gencin kalp krizi ge\u00e7irdi\u011fi tespit edildi. H\u0131zla m\u00fcdahale edilen Ferhat Bal, doktorlar\u0131n m\u00fcdahalelerine ra\u011fmen kurtar\u0131lamad\u0131. Bal\u2019\u0131n gen\u00e7 ya\u015ftaki \u00f6l\u00fcm haberi, ailesi ve sevenlerini yasa bo\u011fdu.<br \/><\/p>\n","protected":false},"excerpt":{"rendered":"<p>Ayd\u0131n\u2019\u0131n \u00c7ine il\u00e7esinde ya\u015fayan 31 ya\u015f\u0131ndaki Ferhat Bal, kalbine yenik d\u00fc\u015ft\u00fc. Ayd\u0131n B\u00fcy\u00fck\u015fehir Belediyesi Ayd\u0131n Su ve Kanalizasyon \u0130daresi\u2019nde (ASK\u0130) \u00e7al\u0131\u015ft\u0131\u011f\u0131 \u00f6\u011frenilen Ferhat Bal (31) kalbine yenik d\u00fc\u015ft\u00fc. Edinilen bilgiye g\u00f6re, \u00c7ine\u2019nin Ovac\u0131k Mahallesi\u2019nde ya\u015fayan Bal, \u00f6ks\u00fcr\u00fck \u015fikayetiyle hastaneye gitti. Tedavi i\u00e7in gitti\u011fi hastanede fenala\u015fan ve bir ka\u00e7 kez kez kalbi duran gencin kalp krizi&#8230;<\/p>\n","protected":false},"author":1,"featured_media":27900,"comment_status":"open","ping_status":"open","sticky":false,"template":"","format":"standard","meta":{"_crdt_document":"","footnotes":""},"categories":[5],"tags":[],"class_list":["post-27899","post","type-post","status-publish","format-standard","has-post-thumbnail","hentry","category-asayis"],"_links":{"self":[{"href":"https:\/\/www.egemtv.com\/index.php?rest_route=\/wp\/v2\/posts\/27899","targetHints":{"allow":["GET"]}}],"collection":[{"href":"https:\/\/www.egemtv.com\/index.php?rest_route=\/wp\/v2\/posts"}],"about":[{"href":"https:\/\/www.egemtv.com\/index.php?rest_route=\/wp\/v2\/types\/post"}],"author":[{"embeddable":true,"href":"https:\/\/www.egemtv.com\/index.php?rest_route=\/wp\/v2\/users\/1"}],"replies":[{"embeddable":true,"href":"https:\/\/www.egemtv.com\/index.php?rest_route=%2Fwp%2Fv2%2Fcomments&post=27899"}],"version-history":[{"count":1,"href":"https:\/\/www.egemtv.com\/index.php?rest_route=\/wp\/v2\/posts\/27899\/revisions"}],"predecessor-version":[{"id":27901,"href":"https:\/\/www.egemtv.com\/index.php?rest_route=\/wp\/v2\/posts\/27899\/revisions\/27901"}],"wp:featuredmedia":[{"embeddable":true,"href":"https:\/\/www.egemtv.com\/index.php?rest_route=\/wp\/v2\/media\/27900"}],"wp:attachment":[{"href":"https:\/\/www.egemtv.com\/index.php?rest_route=%2Fwp%2Fv2%2Fmedia&parent=27899"}],"wp:term":[{"taxonomy":"category","embeddable":true,"href":"https:\/\/www.egemtv.com\/index.php?rest_route=%2Fwp%2Fv2%2Fcategories&post=27899"},{"taxonomy":"post_tag","embeddable":true,"href":"https:\/\/www.egemtv.com\/index.php?rest_route=%2Fwp%2Fv2%2Ftags&post=27899"}],"curies":[{"name":"wp","href":"https:\/\/api.w.org\/{rel}","templated":true}]}}