{"id":27896,"date":"2025-05-11T14:36:04","date_gmt":"2025-05-11T11:36:04","guid":{"rendered":"https:\/\/www.egemtv.com\/?p=27896"},"modified":"2025-05-11T14:36:08","modified_gmt":"2025-05-11T11:36:08","slug":"denizli-orman-benim-diyerek-yesil-ortusune-sahip-cikti","status":"publish","type":"post","link":"https:\/\/www.egemtv.com\/?p=27896","title":{"rendered":"Denizli \u2018Orman Benim\u2019 diyerek ye\u015fil \u00f6rt\u00fcs\u00fcne sahip \u00e7\u0131kt\u0131"},"content":{"rendered":"<p>Denizli\u2019de &#8220;Orman Benim&#8221; kampanyas\u0131 kapsam\u0131nda Vali \u00d6mer Faruk Co\u015fkun, \u00f6\u011frencilerle birlikte ormanl\u0131k alanda \u00e7\u00f6p toplayarak do\u011faya sahip \u00e7\u0131kma \u00e7a\u011fr\u0131s\u0131 yapt\u0131.<\/p>\n<p>Denizli\u2019de orman yang\u0131nlar\u0131na kar\u015f\u0131 fark\u0131ndal\u0131k olu\u015fturmak ve do\u011fay\u0131 koruma bilincini art\u0131rmak amac\u0131yla, Tar\u0131m ve Orman Bakan\u0131 \u0130brahim Yumakl\u0131\u2019n\u0131n \u00f6nc\u00fcl\u00fc\u011f\u00fcnde 81 ilde e\u015f zamanl\u0131 olarak ba\u015flat\u0131lan &#8220;Orman Benim&#8221; kampanyas\u0131, Denizli\u2019de de b\u00fcy\u00fck bir kat\u0131l\u0131mla ger\u00e7ekle\u015ftirildi.<\/p>\n<p>Etkinli\u011fe Denizli Valisi \u00d6mer Faruk Co\u015fkun, Denizli Orman B\u00f6lge M\u00fcd\u00fcr\u00fc Ahmet K\u00f6le, il protokol\u00fc, Orman B\u00f6lge M\u00fcd\u00fcrl\u00fc\u011f\u00fc personeli, vatanda\u015flar ve \u00f6\u011frenciler kat\u0131ld\u0131. Vali Co\u015fkun\u2019un \u00f6\u011frencilerle birlikte \u00e7\u00f6p toplamas\u0131, etkinli\u011fe damga vurarak \u00e7evreye duyarl\u0131l\u0131k mesaj\u0131 verdi.<\/p>\n<p>&#8220;\u00c7\u00f6p atan de\u011fil, toplayan benim&#8221; slogan\u0131n\u0131n \u00f6n planda oldu\u011fu etkinlik Servergazi mevkiindeki ormanl\u0131k alanda ger\u00e7ekle\u015fti. Etkinlik kapsam\u0131nda Orman yang\u0131n\u0131 riskini art\u0131ran yan\u0131c\u0131 materyalleri ve at\u0131klar temizlendi.  Toplumun her kesiminden bireylerin do\u011faya sahip \u00e7\u0131kmas\u0131 ise takdir toplad\u0131.<\/p>\n<p>Etkinlik sonunda a\u00e7\u0131klamalarda bulunan Vali Co\u015fkun, &#8220;Ormanlar\u0131m\u0131z sadece bug\u00fcn\u00fcn de\u011fil, yar\u0131nlar\u0131m\u0131z\u0131n da miras\u0131d\u0131r. Bug\u00fcn \u00e7ocuklar\u0131m\u0131zla birlikte \u00e7\u00f6p toplayarak hem \u00e7evreye katk\u0131 sa\u011flad\u0131k hem de onlara \u00f6rnek olduk. Hep birlikte ormanlar\u0131m\u0131za sahip \u00e7\u0131kaca\u011f\u0131z&#8221; dedi.<br \/><\/p>\n","protected":false},"excerpt":{"rendered":"<p>Denizli\u2019de &#8220;Orman Benim&#8221; kampanyas\u0131 kapsam\u0131nda Vali \u00d6mer Faruk Co\u015fkun, \u00f6\u011frencilerle birlikte ormanl\u0131k alanda \u00e7\u00f6p toplayarak do\u011faya sahip \u00e7\u0131kma \u00e7a\u011fr\u0131s\u0131 yapt\u0131. Denizli\u2019de orman yang\u0131nlar\u0131na kar\u015f\u0131 fark\u0131ndal\u0131k olu\u015fturmak ve do\u011fay\u0131 koruma bilincini art\u0131rmak amac\u0131yla, Tar\u0131m ve Orman Bakan\u0131 \u0130brahim Yumakl\u0131\u2019n\u0131n \u00f6nc\u00fcl\u00fc\u011f\u00fcnde 81 ilde e\u015f zamanl\u0131 olarak ba\u015flat\u0131lan &#8220;Orman Benim&#8221; kampanyas\u0131, Denizli\u2019de de b\u00fcy\u00fck bir kat\u0131l\u0131mla ger\u00e7ekle\u015ftirildi. Etkinli\u011fe&#8230;<\/p>\n","protected":false},"author":1,"featured_media":27897,"comment_status":"open","ping_status":"open","sticky":false,"template":"","format":"standard","meta":{"_crdt_document":"","footnotes":""},"categories":[1],"tags":[],"class_list":["post-27896","post","type-post","status-publish","format-standard","has-post-thumbnail","hentry","category-guncel"],"_links":{"self":[{"href":"https:\/\/www.egemtv.com\/index.php?rest_route=\/wp\/v2\/posts\/27896","targetHints":{"allow":["GET"]}}],"collection":[{"href":"https:\/\/www.egemtv.com\/index.php?rest_route=\/wp\/v2\/posts"}],"about":[{"href":"https:\/\/www.egemtv.com\/index.php?rest_route=\/wp\/v2\/types\/post"}],"author":[{"embeddable":true,"href":"https:\/\/www.egemtv.com\/index.php?rest_route=\/wp\/v2\/users\/1"}],"replies":[{"embeddable":true,"href":"https:\/\/www.egemtv.com\/index.php?rest_route=%2Fwp%2Fv2%2Fcomments&post=27896"}],"version-history":[{"count":1,"href":"https:\/\/www.egemtv.com\/index.php?rest_route=\/wp\/v2\/posts\/27896\/revisions"}],"predecessor-version":[{"id":27898,"href":"https:\/\/www.egemtv.com\/index.php?rest_route=\/wp\/v2\/posts\/27896\/revisions\/27898"}],"wp:featuredmedia":[{"embeddable":true,"href":"https:\/\/www.egemtv.com\/index.php?rest_route=\/wp\/v2\/media\/27897"}],"wp:attachment":[{"href":"https:\/\/www.egemtv.com\/index.php?rest_route=%2Fwp%2Fv2%2Fmedia&parent=27896"}],"wp:term":[{"taxonomy":"category","embeddable":true,"href":"https:\/\/www.egemtv.com\/index.php?rest_route=%2Fwp%2Fv2%2Fcategories&post=27896"},{"taxonomy":"post_tag","embeddable":true,"href":"https:\/\/www.egemtv.com\/index.php?rest_route=%2Fwp%2Fv2%2Ftags&post=27896"}],"curies":[{"name":"wp","href":"https:\/\/api.w.org\/{rel}","templated":true}]}}