{"id":27893,"date":"2025-05-11T14:16:14","date_gmt":"2025-05-11T11:16:14","guid":{"rendered":"https:\/\/www.egemtv.com\/?p=27893"},"modified":"2025-05-11T14:16:18","modified_gmt":"2025-05-11T11:16:18","slug":"aydinin-dogusuna-yagis-geliyor","status":"publish","type":"post","link":"https:\/\/www.egemtv.com\/?p=27893","title":{"rendered":"Ayd\u0131n\u2019\u0131n do\u011fusuna ya\u011f\u0131\u015f geliyor"},"content":{"rendered":"<p>T\u00fcrkiye\u2019nin en s\u0131cak illerinden olan Ayd\u0131n\u2019da, hava s\u0131cakl\u0131klar\u0131 mevsim normallerine d\u00f6nerken, Sal\u0131 g\u00fcn\u00fc do\u011fu il\u00e7elerinde  \u00e7ok bulutlu ve ya\u011f\u0131\u015fl\u0131 bir hava etkili olacak.<br \/>\n<br \/>Meteoroloji B\u00f6lge M\u00fcd\u00fcrl\u00fc\u011f\u00fc taraf\u0131ndan yap\u0131lan a\u00e7\u0131klamaya g\u00f6re Ayd\u0131n\u2019da hava s\u0131cakl\u0131klar\u0131 yeni haftada mevsim normallerinde seyredecek. Hava s\u0131cakl\u0131klar\u0131n\u0131n il genelinde g\u00fcn i\u00e7inde 15 derecelere kadar d\u00fc\u015fece\u011fi tahmin ediliyor. Par\u00e7al\u0131 ve az bulutlu, bir havan\u0131n hakim olaca\u011f\u0131 Ayd\u0131n\u2019da \u00f6zellikle Sal\u0131 g\u00fcn\u00fc d o\u011fu il\u00e7elerinde \u00e7ok bulutlu ve g\u00f6k g\u00fcr\u00fclt\u00fcl\u00fc sa\u011fanak ya\u011f\u0131\u015f\u0131n etkili olmas\u0131 bekleniyor.<br \/>\n<br \/>Meteoroloji Genel M\u00fcd\u00fcrl\u00fc\u011f\u00fc taraf\u0131ndan yap\u0131lan son de\u011ferlendirmelere g\u00f6re Ayd\u0131n\u2019da 12 May\u0131s Pazartesi g\u00fcn\u00fc par\u00e7al\u0131 bulutlu bir havan\u0131n hakim olmas\u0131 beklenirken hava s\u0131cakl\u0131\u011f\u0131 en d\u00fc\u015f\u00fck 15, en y\u00fcksek 29 derece olacak. 13 May\u0131s Sal\u0131 g\u00fcn\u00fc do\u011fu il\u00e7elerinde \u00e7ok bulutlu ve g\u00f6k g\u00fcr\u00fclt\u00fcl\u00fc sa\u011fanak ya\u011f\u0131\u015fl\u0131 bir havan\u0131n etkili olmas\u0131 beklenirken hava s\u0131cakl\u0131\u011f\u0131 en d\u00fc\u015f\u00fck 15, en y\u00fcksek 30 derece olacak. 14 May\u0131s \u00c7ar\u015famba g\u00fcn\u00fc par\u00e7al\u0131 bulutlu bir havan\u0131n hakim olmas\u0131 beklenirken hava s\u0131cakl\u0131\u011f\u0131 en d\u00fc\u015f\u00fck 14, en y\u00fcksek 30 derece olacak. 15 May\u0131s Per\u015fembe g\u00fcn\u00fc ise par\u00e7al\u0131 ve \u00e7ok bulutlu, ak\u015fam saatlerinden itibaren sa\u011fanak ve g\u00f6k g\u00fcr\u00fclt\u00fcl\u00fc sa\u011fanak ya\u011f\u0131\u015fl\u0131 bir havan\u0131n etkili olmas\u0131 beklenirken hava s\u0131cakl\u0131\u011f\u0131 en d\u00fc\u015f\u00fck 14, en y\u00fcksek 29 derece olacak.<br \/><\/p>\n","protected":false},"excerpt":{"rendered":"<p>T\u00fcrkiye\u2019nin en s\u0131cak illerinden olan Ayd\u0131n\u2019da, hava s\u0131cakl\u0131klar\u0131 mevsim normallerine d\u00f6nerken, Sal\u0131 g\u00fcn\u00fc do\u011fu il\u00e7elerinde \u00e7ok bulutlu ve ya\u011f\u0131\u015fl\u0131 bir hava etkili olacak. Meteoroloji B\u00f6lge M\u00fcd\u00fcrl\u00fc\u011f\u00fc taraf\u0131ndan yap\u0131lan a\u00e7\u0131klamaya g\u00f6re Ayd\u0131n\u2019da hava s\u0131cakl\u0131klar\u0131 yeni haftada mevsim normallerinde seyredecek. Hava s\u0131cakl\u0131klar\u0131n\u0131n il genelinde g\u00fcn i\u00e7inde 15 derecelere kadar d\u00fc\u015fece\u011fi tahmin ediliyor. Par\u00e7al\u0131 ve az bulutlu, bir&#8230;<\/p>\n","protected":false},"author":1,"featured_media":27894,"comment_status":"open","ping_status":"open","sticky":false,"template":"","format":"standard","meta":{"_crdt_document":"","footnotes":""},"categories":[1],"tags":[],"class_list":["post-27893","post","type-post","status-publish","format-standard","has-post-thumbnail","hentry","category-guncel"],"_links":{"self":[{"href":"https:\/\/www.egemtv.com\/index.php?rest_route=\/wp\/v2\/posts\/27893","targetHints":{"allow":["GET"]}}],"collection":[{"href":"https:\/\/www.egemtv.com\/index.php?rest_route=\/wp\/v2\/posts"}],"about":[{"href":"https:\/\/www.egemtv.com\/index.php?rest_route=\/wp\/v2\/types\/post"}],"author":[{"embeddable":true,"href":"https:\/\/www.egemtv.com\/index.php?rest_route=\/wp\/v2\/users\/1"}],"replies":[{"embeddable":true,"href":"https:\/\/www.egemtv.com\/index.php?rest_route=%2Fwp%2Fv2%2Fcomments&post=27893"}],"version-history":[{"count":1,"href":"https:\/\/www.egemtv.com\/index.php?rest_route=\/wp\/v2\/posts\/27893\/revisions"}],"predecessor-version":[{"id":27895,"href":"https:\/\/www.egemtv.com\/index.php?rest_route=\/wp\/v2\/posts\/27893\/revisions\/27895"}],"wp:featuredmedia":[{"embeddable":true,"href":"https:\/\/www.egemtv.com\/index.php?rest_route=\/wp\/v2\/media\/27894"}],"wp:attachment":[{"href":"https:\/\/www.egemtv.com\/index.php?rest_route=%2Fwp%2Fv2%2Fmedia&parent=27893"}],"wp:term":[{"taxonomy":"category","embeddable":true,"href":"https:\/\/www.egemtv.com\/index.php?rest_route=%2Fwp%2Fv2%2Fcategories&post=27893"},{"taxonomy":"post_tag","embeddable":true,"href":"https:\/\/www.egemtv.com\/index.php?rest_route=%2Fwp%2Fv2%2Ftags&post=27893"}],"curies":[{"name":"wp","href":"https:\/\/api.w.org\/{rel}","templated":true}]}}