{"id":27890,"date":"2025-05-11T14:16:09","date_gmt":"2025-05-11T11:16:09","guid":{"rendered":"https:\/\/www.egemtv.com\/?p=27890"},"modified":"2025-05-11T14:16:14","modified_gmt":"2025-05-11T11:16:14","slug":"efelerde-ogretmenlere-yapay-zeka-egitimi-verildi","status":"publish","type":"post","link":"https:\/\/www.egemtv.com\/?p=27890","title":{"rendered":"Efeler\u2019de \u00f6\u011fretmenlere yapay zeka e\u011fitimi verildi"},"content":{"rendered":"<p>Efeler \u0130l\u00e7e Milli E\u011fitim M\u00fcd\u00fcrl\u00fc\u011f\u00fc taraf\u0131ndan \u00f6\u011fretmenlere y\u00f6nelik d\u00fczenlenen e\u011fitim program\u0131nda, yapay zeka ara\u00e7lar\u0131n\u0131n e\u011fitimdeki yeri ve \u00f6nemi ele al\u0131nd\u0131.<br \/>\n<br \/>Efeler \u0130l\u00e7e Milli E\u011fitim M\u00fcd\u00fcrl\u00fc\u011f\u00fc, \u00f6\u011fretmenlere y\u00f6nelik olarak &#8220;Beceri Kazand\u0131rmada Yapay Zeka Ara\u00e7lar\u0131n\u0131n Kullan\u0131m\u0131&#8221; temal\u0131 bir e\u011fitim program\u0131 d\u00fczenledi. Program\u0131n a\u00e7\u0131l\u0131\u015f konu\u015fmas\u0131n\u0131 yapan \u0130l\u00e7e Milli E\u011fitim M\u00fcd\u00fcr\u00fc Hakan \u00d6zacan; &#8220;Beceri Kazand\u0131rmada Yapay Zeka Ara\u00e7lar\u0131n\u0131n Kullan\u0131m\u0131 gibi son derece \u00f6nemli ve gelece\u011fimize y\u00f6n verecek bir konuda e\u011fitim d\u00fczenledik. Yapay zeka art\u0131k hayat\u0131m\u0131z\u0131n her alan\u0131nda ba\u015f d\u00f6nd\u00fcr\u00fcc\u00fc bir h\u0131zla geli\u015fiyor. Sa\u011fl\u0131ktan sanayiye, ula\u015f\u0131mdan ileti\u015fime kadar t\u00fcm sekt\u00f6rlerde k\u00f6kl\u00fc d\u00f6n\u00fc\u015f\u00fcmlere imza at\u0131yor. Bu b\u00fcy\u00fck de\u011fi\u015fim ve geli\u015fim r\u00fczgar\u0131n\u0131n e\u011fitim sistemimizi de etkilememesi, e\u011fitim s\u00fcre\u00e7lerimizi d\u00f6n\u00fc\u015ft\u00fcrmemesi elbette d\u00fc\u015f\u00fcn\u00fclemezdi. Bizler, T\u00fcrkiye Y\u00fczy\u0131l\u0131 Maarif Modeli ile evlatlar\u0131m\u0131z\u0131 sadece akademik bilgiyle donatman\u0131n \u00f6tesinde, onlar\u0131 hayata haz\u0131rlayan, milli ve manevi de\u011ferlerimizle te\u00e7hiz edilmi\u015f, ele\u015ftirel d\u00fc\u015f\u00fcnebilen, problem \u00e7\u00f6zebilen, \u00fcreten ve en \u00f6nemlisi \u00e7a\u011f\u0131n gerektirdi\u011fi becerilere sahip bireyler olarak yeti\u015ftirmeyi hedefliyoruz. \u0130\u015fte bu noktada, modelimizin en \u00f6nemli hedeflerinden biri olan dijital okuryazarl\u0131k becerisinin kazand\u0131r\u0131lmas\u0131nda yapay zeka teknolojileri bizlere e\u015fsiz f\u0131rsatlar sunmaktad\u0131r. Yapay zeka ara\u00e7lar\u0131, \u00f6\u011frencilerimizin bireysel \u00f6\u011frenme h\u0131zlar\u0131na ve farkl\u0131l\u0131klar\u0131na uygun, ki\u015fiselle\u015ftirilmi\u015f e\u011fitim i\u00e7erikleri olu\u015fturmam\u0131za, onlara yeni beceriler kazand\u0131rmam\u0131za ve dijital d\u00fcnyay\u0131 daha etkin, verimli ve bilin\u00e7li kullanmalar\u0131na imkan tan\u0131yacakt\u0131r. \u00d6\u011fretmenlerimizin ise rutin g\u00f6revlerini hafifleterek onlara \u00f6\u011frencilerimizle daha fazla ve daha nitelikli zaman ge\u00e7irme imkan\u0131 sunacakt\u0131r. Ancak, bu g\u00fc\u00e7l\u00fc teknolojiyi kullan\u0131rken dikkat etmemiz gereken \u00f6nemli bir husus da bulunmaktad\u0131r: Etik ilkeler. Yapay zekan\u0131n geli\u015ftirilmesi ve uygulanmas\u0131 s\u00fcre\u00e7lerinde adaleti, \u015feffafl\u0131\u011f\u0131, hesap verebilirli\u011fi ve en \u00f6nemlisi insan onurunu merkeze alan bir yakla\u015f\u0131m\u0131 benimsemek zorunday\u0131z. Bilginin mahremiyeti, algoritmalar\u0131n tarafs\u0131zl\u0131\u011f\u0131 ve bu teknolojilerin t\u00fcm \u00f6\u011frencilerimizin yarar\u0131na kullan\u0131lmas\u0131 temel \u00f6nceli\u011fimiz olmal\u0131d\u0131r. Bu e\u011fitimin, yapay zeka ara\u00e7lar\u0131n\u0131n e\u011fitimde etkin ve etik bir \u015fekilde nas\u0131l kullan\u0131labilece\u011fine dair sizlere yeni ufuklar a\u00e7aca\u011f\u0131na, T\u00fcrkiye Y\u00fczy\u0131l\u0131 hedeflerimize ula\u015fmada \u00f6nemli bir ad\u0131m olaca\u011f\u0131na y\u00fcrekten inan\u0131yorum. E\u011fitimimizin ba\u015far\u0131l\u0131 ve verimli ge\u00e7mesini temenni ediyorum&#8221; dedi.<br \/><\/p>\n","protected":false},"excerpt":{"rendered":"<p>Efeler \u0130l\u00e7e Milli E\u011fitim M\u00fcd\u00fcrl\u00fc\u011f\u00fc taraf\u0131ndan \u00f6\u011fretmenlere y\u00f6nelik d\u00fczenlenen e\u011fitim program\u0131nda, yapay zeka ara\u00e7lar\u0131n\u0131n e\u011fitimdeki yeri ve \u00f6nemi ele al\u0131nd\u0131. Efeler \u0130l\u00e7e Milli E\u011fitim M\u00fcd\u00fcrl\u00fc\u011f\u00fc, \u00f6\u011fretmenlere y\u00f6nelik olarak &#8220;Beceri Kazand\u0131rmada Yapay Zeka Ara\u00e7lar\u0131n\u0131n Kullan\u0131m\u0131&#8221; temal\u0131 bir e\u011fitim program\u0131 d\u00fczenledi. Program\u0131n a\u00e7\u0131l\u0131\u015f konu\u015fmas\u0131n\u0131 yapan \u0130l\u00e7e Milli E\u011fitim M\u00fcd\u00fcr\u00fc Hakan \u00d6zacan; &#8220;Beceri Kazand\u0131rmada Yapay Zeka Ara\u00e7lar\u0131n\u0131n Kullan\u0131m\u0131&#8230;<\/p>\n","protected":false},"author":1,"featured_media":27891,"comment_status":"open","ping_status":"open","sticky":false,"template":"","format":"standard","meta":{"_crdt_document":"","footnotes":""},"categories":[1],"tags":[],"class_list":["post-27890","post","type-post","status-publish","format-standard","has-post-thumbnail","hentry","category-guncel"],"_links":{"self":[{"href":"https:\/\/www.egemtv.com\/index.php?rest_route=\/wp\/v2\/posts\/27890","targetHints":{"allow":["GET"]}}],"collection":[{"href":"https:\/\/www.egemtv.com\/index.php?rest_route=\/wp\/v2\/posts"}],"about":[{"href":"https:\/\/www.egemtv.com\/index.php?rest_route=\/wp\/v2\/types\/post"}],"author":[{"embeddable":true,"href":"https:\/\/www.egemtv.com\/index.php?rest_route=\/wp\/v2\/users\/1"}],"replies":[{"embeddable":true,"href":"https:\/\/www.egemtv.com\/index.php?rest_route=%2Fwp%2Fv2%2Fcomments&post=27890"}],"version-history":[{"count":1,"href":"https:\/\/www.egemtv.com\/index.php?rest_route=\/wp\/v2\/posts\/27890\/revisions"}],"predecessor-version":[{"id":27892,"href":"https:\/\/www.egemtv.com\/index.php?rest_route=\/wp\/v2\/posts\/27890\/revisions\/27892"}],"wp:featuredmedia":[{"embeddable":true,"href":"https:\/\/www.egemtv.com\/index.php?rest_route=\/wp\/v2\/media\/27891"}],"wp:attachment":[{"href":"https:\/\/www.egemtv.com\/index.php?rest_route=%2Fwp%2Fv2%2Fmedia&parent=27890"}],"wp:term":[{"taxonomy":"category","embeddable":true,"href":"https:\/\/www.egemtv.com\/index.php?rest_route=%2Fwp%2Fv2%2Fcategories&post=27890"},{"taxonomy":"post_tag","embeddable":true,"href":"https:\/\/www.egemtv.com\/index.php?rest_route=%2Fwp%2Fv2%2Ftags&post=27890"}],"curies":[{"name":"wp","href":"https:\/\/api.w.org\/{rel}","templated":true}]}}