{"id":27887,"date":"2025-05-11T13:36:53","date_gmt":"2025-05-11T10:36:53","guid":{"rendered":"https:\/\/www.egemtv.com\/?p=27887"},"modified":"2025-05-11T13:36:58","modified_gmt":"2025-05-11T10:36:58","slug":"kuru-incir-ihracati-yuzde-28-buyudu","status":"publish","type":"post","link":"https:\/\/www.egemtv.com\/?p=27887","title":{"rendered":"Kuru incir ihracat\u0131 y\u00fczde 28 b\u00fcy\u00fcd\u00fc"},"content":{"rendered":"<p>T\u00fcrkiye\u2019nin \u00f6nemli ihracat \u00fcr\u00fcnlerinden olan ve \u00fclke ekonomisine ciddi katk\u0131 sa\u011flayan kuru incir ihracat\u0131 2024\/25 sezonunda y\u00fczde 28\u2019lik art\u0131\u015fla 292 milyon dolara y\u00fckseldi.<br \/>\n<br \/>D\u00fcnya\u2019n\u0131n en kaliteli incirlerinin yeti\u015fti\u011fi Ayd\u0131n\u2019\u0131n \u00f6nemli ihracat \u00fcr\u00fcn\u00fc olan kuru incir, ihracatta d\u00fcnya lideri konumunu korumaya devam ediyor. Cennet meyvesi olarak da bilinen kuru incirin ihracat\u0131 her ge\u00e7en g\u00fcn y\u00fczleri g\u00fcld\u00fcr\u00fcrken, 2024\/25 sezonundaki ihracat rakamlar\u0131 da g\u00f6zle g\u00f6r\u00fcl\u00fcr b\u00fcy\u00fcme kaydetti. Kuru incir ihracat\u0131 y\u00fczde 28\u2019lik art\u0131\u015fla 228 milyon dolardan 292 milyon dolara ilerledi. \u00c7ekirdeksiz kuru \u00fcz\u00fcm, kuru kay\u0131s\u0131 ve kuru incir ihracat\u0131 d\u00f6viz baz\u0131nda y\u00fczde 9 artarken, miktar baz\u0131nda y\u00fczde 16\u2019l\u0131k d\u00fc\u015f\u00fc\u015f ya\u015fad\u0131. 2023\/24 sezonunda T\u00fcrkiye, 269 bin tonluk kuru meyve ihra\u00e7 etmi\u015fken, 2024\/25 sezonunun ayn\u0131 d\u00f6neminde 226 bin tonluk kuru \u00fcz\u00fcm, kuru kay\u0131s\u0131 ve kuru incir ihra\u00e7 etti.<br \/>\n<br \/>Kuru inciri en \u00e7ok Amerikal\u0131lar talep etti<br \/>\n<br \/>Amerika Birle\u015fik Devletleri, T\u00fcrk kuru incirine olan talebini y\u00fczde 48\u2019lik art\u0131\u015fla 43 milyon dolardan 64 milyon dolara ta\u015f\u0131d\u0131 ve zirvede yerini sa\u011flamla\u015ft\u0131rd\u0131. T\u00fcrkiye\u2019nin kuru incir ihracat\u0131nda geleneksel pazarlar\u0131ndan Fransa 35,3 milyon dolarl\u0131k kuru incir ithalat\u0131yla ikinci olurken, \u00fc\u00e7\u00fcnc\u00fc basamakta 34 milyon dolarla Almanya yer ald\u0131. T\u00fcrkiye, \u0130talya\u2019ya 13,4 milyon dolarl\u0131k, Kanada\u2019ya 12,7 milyon dolarl\u0131k kuru incir ihra\u00e7 etti.<br \/><\/p>\n","protected":false},"excerpt":{"rendered":"<p>T\u00fcrkiye\u2019nin \u00f6nemli ihracat \u00fcr\u00fcnlerinden olan ve \u00fclke ekonomisine ciddi katk\u0131 sa\u011flayan kuru incir ihracat\u0131 2024\/25 sezonunda y\u00fczde 28\u2019lik art\u0131\u015fla 292 milyon dolara y\u00fckseldi. D\u00fcnya\u2019n\u0131n en kaliteli incirlerinin yeti\u015fti\u011fi Ayd\u0131n\u2019\u0131n \u00f6nemli ihracat \u00fcr\u00fcn\u00fc olan kuru incir, ihracatta d\u00fcnya lideri konumunu korumaya devam ediyor. Cennet meyvesi olarak da bilinen kuru incirin ihracat\u0131 her ge\u00e7en g\u00fcn y\u00fczleri g\u00fcld\u00fcr\u00fcrken,&#8230;<\/p>\n","protected":false},"author":1,"featured_media":27888,"comment_status":"open","ping_status":"open","sticky":false,"template":"","format":"standard","meta":{"_crdt_document":"","footnotes":""},"categories":[125],"tags":[],"class_list":["post-27887","post","type-post","status-publish","format-standard","has-post-thumbnail","hentry","category-ekonomi"],"_links":{"self":[{"href":"https:\/\/www.egemtv.com\/index.php?rest_route=\/wp\/v2\/posts\/27887","targetHints":{"allow":["GET"]}}],"collection":[{"href":"https:\/\/www.egemtv.com\/index.php?rest_route=\/wp\/v2\/posts"}],"about":[{"href":"https:\/\/www.egemtv.com\/index.php?rest_route=\/wp\/v2\/types\/post"}],"author":[{"embeddable":true,"href":"https:\/\/www.egemtv.com\/index.php?rest_route=\/wp\/v2\/users\/1"}],"replies":[{"embeddable":true,"href":"https:\/\/www.egemtv.com\/index.php?rest_route=%2Fwp%2Fv2%2Fcomments&post=27887"}],"version-history":[{"count":1,"href":"https:\/\/www.egemtv.com\/index.php?rest_route=\/wp\/v2\/posts\/27887\/revisions"}],"predecessor-version":[{"id":27889,"href":"https:\/\/www.egemtv.com\/index.php?rest_route=\/wp\/v2\/posts\/27887\/revisions\/27889"}],"wp:featuredmedia":[{"embeddable":true,"href":"https:\/\/www.egemtv.com\/index.php?rest_route=\/wp\/v2\/media\/27888"}],"wp:attachment":[{"href":"https:\/\/www.egemtv.com\/index.php?rest_route=%2Fwp%2Fv2%2Fmedia&parent=27887"}],"wp:term":[{"taxonomy":"category","embeddable":true,"href":"https:\/\/www.egemtv.com\/index.php?rest_route=%2Fwp%2Fv2%2Fcategories&post=27887"},{"taxonomy":"post_tag","embeddable":true,"href":"https:\/\/www.egemtv.com\/index.php?rest_route=%2Fwp%2Fv2%2Ftags&post=27887"}],"curies":[{"name":"wp","href":"https:\/\/api.w.org\/{rel}","templated":true}]}}