{"id":27884,"date":"2025-05-11T13:16:02","date_gmt":"2025-05-11T10:16:02","guid":{"rendered":"https:\/\/www.egemtv.com\/?p=27884"},"modified":"2025-05-11T13:16:07","modified_gmt":"2025-05-11T10:16:07","slug":"bozdoganda-trafik-kazasi-1-olu","status":"publish","type":"post","link":"https:\/\/www.egemtv.com\/?p=27884","title":{"rendered":"Bozdo\u011fan\u2019da trafik kazas\u0131: 1 \u00f6l\u00fc"},"content":{"rendered":"<p>Ayd\u0131n\u2019\u0131n Bozdo\u011fan il\u00e7esinde d\u00fcn gece saatlerinde meydana gelen trafik kazas\u0131nda bir ki\u015fi hayat\u0131n\u0131 kaybetti.<\/p>\n<p>Kaza, Yaz\u0131kent yolu \u00fczerinde gece saatlerinde meydana geldi. Edinilen bilgilere g\u00f6re, yolda y\u00fcr\u00fcyen Bayram P\u0131narc\u0131\u2019ya, O.A nin kulland\u0131\u011f\u0131 seyir halindeki ara\u00e7 \u00e7arpt\u0131. \u00c7arpman\u0131n etkisiyle a\u011f\u0131r yaralanan P\u0131narc\u0131, olay yerinde ya\u015fam\u0131n\u0131 yitirdi. Kazaya kar\u0131\u015fan ara\u00e7 s\u00fcr\u00fcc\u00fcs\u00fc O.A. g\u00f6zalt\u0131na al\u0131nd\u0131.<br \/>\n<br \/>Olayla ilgili soru\u015fturma s\u00fcr\u00fcyor.<br \/><\/p>\n","protected":false},"excerpt":{"rendered":"<p>Ayd\u0131n\u2019\u0131n Bozdo\u011fan il\u00e7esinde d\u00fcn gece saatlerinde meydana gelen trafik kazas\u0131nda bir ki\u015fi hayat\u0131n\u0131 kaybetti. Kaza, Yaz\u0131kent yolu \u00fczerinde gece saatlerinde meydana geldi. Edinilen bilgilere g\u00f6re, yolda y\u00fcr\u00fcyen Bayram P\u0131narc\u0131\u2019ya, O.A nin kulland\u0131\u011f\u0131 seyir halindeki ara\u00e7 \u00e7arpt\u0131. \u00c7arpman\u0131n etkisiyle a\u011f\u0131r yaralanan P\u0131narc\u0131, olay yerinde ya\u015fam\u0131n\u0131 yitirdi. Kazaya kar\u0131\u015fan ara\u00e7 s\u00fcr\u00fcc\u00fcs\u00fc O.A. g\u00f6zalt\u0131na al\u0131nd\u0131. Olayla ilgili soru\u015fturma&#8230;<\/p>\n","protected":false},"author":1,"featured_media":27885,"comment_status":"open","ping_status":"open","sticky":false,"template":"","format":"standard","meta":{"_crdt_document":"","footnotes":""},"categories":[5],"tags":[],"class_list":["post-27884","post","type-post","status-publish","format-standard","has-post-thumbnail","hentry","category-asayis"],"_links":{"self":[{"href":"https:\/\/www.egemtv.com\/index.php?rest_route=\/wp\/v2\/posts\/27884","targetHints":{"allow":["GET"]}}],"collection":[{"href":"https:\/\/www.egemtv.com\/index.php?rest_route=\/wp\/v2\/posts"}],"about":[{"href":"https:\/\/www.egemtv.com\/index.php?rest_route=\/wp\/v2\/types\/post"}],"author":[{"embeddable":true,"href":"https:\/\/www.egemtv.com\/index.php?rest_route=\/wp\/v2\/users\/1"}],"replies":[{"embeddable":true,"href":"https:\/\/www.egemtv.com\/index.php?rest_route=%2Fwp%2Fv2%2Fcomments&post=27884"}],"version-history":[{"count":1,"href":"https:\/\/www.egemtv.com\/index.php?rest_route=\/wp\/v2\/posts\/27884\/revisions"}],"predecessor-version":[{"id":27886,"href":"https:\/\/www.egemtv.com\/index.php?rest_route=\/wp\/v2\/posts\/27884\/revisions\/27886"}],"wp:featuredmedia":[{"embeddable":true,"href":"https:\/\/www.egemtv.com\/index.php?rest_route=\/wp\/v2\/media\/27885"}],"wp:attachment":[{"href":"https:\/\/www.egemtv.com\/index.php?rest_route=%2Fwp%2Fv2%2Fmedia&parent=27884"}],"wp:term":[{"taxonomy":"category","embeddable":true,"href":"https:\/\/www.egemtv.com\/index.php?rest_route=%2Fwp%2Fv2%2Fcategories&post=27884"},{"taxonomy":"post_tag","embeddable":true,"href":"https:\/\/www.egemtv.com\/index.php?rest_route=%2Fwp%2Fv2%2Ftags&post=27884"}],"curies":[{"name":"wp","href":"https:\/\/api.w.org\/{rel}","templated":true}]}}