{"id":27881,"date":"2025-05-11T13:15:57","date_gmt":"2025-05-11T10:15:57","guid":{"rendered":"https:\/\/www.egemtv.com\/?p=27881"},"modified":"2025-05-11T13:16:02","modified_gmt":"2025-05-11T10:16:02","slug":"buyuksehir-yol-calismalarinda-hiz-kesmiyor","status":"publish","type":"post","link":"https:\/\/www.egemtv.com\/?p=27881","title":{"rendered":"B\u00fcy\u00fck\u015fehir yol \u00e7al\u0131\u015fmalar\u0131nda h\u0131z kesmiyor"},"content":{"rendered":"<p>Ayd\u0131n genelinde ula\u015f\u0131m a\u011f\u0131n\u0131 geni\u015fleten Ayd\u0131n B\u00fcy\u00fck\u015fehir Belediyesi, e\u015f zamanl\u0131 olarak y\u00fcrtt\u00fc\u011f\u00fc \u00e7al\u0131\u015fmalarla yol yap\u0131mlar\u0131na aral\u0131ks\u0131z devam ediyor.<\/p>\n<p>Ayd\u0131n B\u00fcy\u00fck\u015fehir Belediye Ba\u015fkan\u0131 \u00d6zlem \u00c7er\u00e7io\u011flu taraf\u0131ndan hayata ge\u00e7irilen proje, yat\u0131r\u0131m, hizmet ve \u00e7al\u0131\u015fmalar h\u0131z kesmeden devam ediyor. Bu kapsamda B\u00fcy\u00fck\u015fehir Belediyesi Fen \u0130\u015fleri Dairesi Ba\u015fkanl\u0131\u011f\u0131, Ayd\u0131n\u2019\u0131 modern ula\u015f\u0131m a\u011f\u0131 ile bulu\u015fturmak, konforlu ve g\u00fcvenli yollar olu\u015fturmak i\u00e7in \u00e7al\u0131\u015fmalar\u0131n\u0131 s\u00fcrd\u00fcr\u00fcyor. B\u00fcy\u00fck\u015fehir Belediyesi taraf\u0131ndan Efeler il\u00e7esi Zafer Mahallesi P\u0131narba\u015f\u0131 Caddesi\u2019nde, Sultanhisar il\u00e7esi G\u00fcvendik, Malga\u00e7emir ve Malga\u00e7mustafa Mahallelerinde ve Buharkent il\u00e7e merkezinde \u00e7al\u0131\u015fmalar e\u015f zamanl\u0131 olarak ger\u00e7ekle\u015ftiriliyor. K\u0131rsaldan kent merkezlerine kadar Ayd\u0131n\u2019\u0131n t\u00fcm mahallelerini modern, g\u00fcvenli ve konforlu yollar ile bulu\u015fturan B\u00fcy\u00fck\u015fehir Belediyesi, sorumluluk sahas\u0131nda bulunan alanlarda \u00e7al\u0131\u015fmalar\u0131n\u0131 s\u00fcrd\u00fcr\u00fcyor. Vatanda\u015f odakl\u0131 belediyecilik \u00e7al\u0131\u015fmalar\u0131 Ayd\u0131nl\u0131lar taraf\u0131ndan da takdirle kar\u015f\u0131lan\u0131yor.<\/p>\n<p>&#8220;Vatanda\u015flar\u0131m\u0131z\u0131 hizmetlerimiz ile bulu\u015fturmaya devam edece\u011fiz&#8221;<br \/>\n<br \/>\u00c7al\u0131\u015fmalar\u0131n devam edece\u011fini belirten Ayd\u0131n B\u00fcy\u00fck\u015fehir Belediye Ba\u015fkan\u0131 \u00d6zlem \u00c7er\u00e7io\u011flu, &#8220;B\u00fcy\u00fck\u015fehir Belediyemiz taraf\u0131ndan yat\u0131r\u0131mlar\u0131m\u0131z, \u00e7al\u0131\u015fmalar\u0131m\u0131z, hizmetlerimiz ve projelerimiz g\u00fczel Ayd\u0131n\u0131m\u0131za kazand\u0131r\u0131lmaya devam ediyor. Hem\u015fehrilerimizi hizmetlerimiz ile bulu\u015fturmaya, Ayd\u0131n\u0131m\u0131z i\u00e7in \u00e7al\u0131\u015fmaya devam edece\u011fiz&#8221; ifadelerini kulland\u0131.<br \/><\/p>\n","protected":false},"excerpt":{"rendered":"<p>Ayd\u0131n genelinde ula\u015f\u0131m a\u011f\u0131n\u0131 geni\u015fleten Ayd\u0131n B\u00fcy\u00fck\u015fehir Belediyesi, e\u015f zamanl\u0131 olarak y\u00fcrtt\u00fc\u011f\u00fc \u00e7al\u0131\u015fmalarla yol yap\u0131mlar\u0131na aral\u0131ks\u0131z devam ediyor. Ayd\u0131n B\u00fcy\u00fck\u015fehir Belediye Ba\u015fkan\u0131 \u00d6zlem \u00c7er\u00e7io\u011flu taraf\u0131ndan hayata ge\u00e7irilen proje, yat\u0131r\u0131m, hizmet ve \u00e7al\u0131\u015fmalar h\u0131z kesmeden devam ediyor. Bu kapsamda B\u00fcy\u00fck\u015fehir Belediyesi Fen \u0130\u015fleri Dairesi Ba\u015fkanl\u0131\u011f\u0131, Ayd\u0131n\u2019\u0131 modern ula\u015f\u0131m a\u011f\u0131 ile bulu\u015fturmak, konforlu ve g\u00fcvenli yollar olu\u015fturmak&#8230;<\/p>\n","protected":false},"author":1,"featured_media":27882,"comment_status":"open","ping_status":"open","sticky":false,"template":"","format":"standard","meta":{"_crdt_document":"","footnotes":""},"categories":[1],"tags":[],"class_list":["post-27881","post","type-post","status-publish","format-standard","has-post-thumbnail","hentry","category-guncel"],"_links":{"self":[{"href":"https:\/\/www.egemtv.com\/index.php?rest_route=\/wp\/v2\/posts\/27881","targetHints":{"allow":["GET"]}}],"collection":[{"href":"https:\/\/www.egemtv.com\/index.php?rest_route=\/wp\/v2\/posts"}],"about":[{"href":"https:\/\/www.egemtv.com\/index.php?rest_route=\/wp\/v2\/types\/post"}],"author":[{"embeddable":true,"href":"https:\/\/www.egemtv.com\/index.php?rest_route=\/wp\/v2\/users\/1"}],"replies":[{"embeddable":true,"href":"https:\/\/www.egemtv.com\/index.php?rest_route=%2Fwp%2Fv2%2Fcomments&post=27881"}],"version-history":[{"count":1,"href":"https:\/\/www.egemtv.com\/index.php?rest_route=\/wp\/v2\/posts\/27881\/revisions"}],"predecessor-version":[{"id":27883,"href":"https:\/\/www.egemtv.com\/index.php?rest_route=\/wp\/v2\/posts\/27881\/revisions\/27883"}],"wp:featuredmedia":[{"embeddable":true,"href":"https:\/\/www.egemtv.com\/index.php?rest_route=\/wp\/v2\/media\/27882"}],"wp:attachment":[{"href":"https:\/\/www.egemtv.com\/index.php?rest_route=%2Fwp%2Fv2%2Fmedia&parent=27881"}],"wp:term":[{"taxonomy":"category","embeddable":true,"href":"https:\/\/www.egemtv.com\/index.php?rest_route=%2Fwp%2Fv2%2Fcategories&post=27881"},{"taxonomy":"post_tag","embeddable":true,"href":"https:\/\/www.egemtv.com\/index.php?rest_route=%2Fwp%2Fv2%2Ftags&post=27881"}],"curies":[{"name":"wp","href":"https:\/\/api.w.org\/{rel}","templated":true}]}}