{"id":27875,"date":"2025-05-11T12:55:56","date_gmt":"2025-05-11T09:55:56","guid":{"rendered":"https:\/\/www.egemtv.com\/?p=27875"},"modified":"2025-05-11T12:56:00","modified_gmt":"2025-05-11T09:56:00","slug":"fethiyeli-dalgiclardan-deniz-altinda-anneler-gunu-kutlamasi","status":"publish","type":"post","link":"https:\/\/www.egemtv.com\/?p=27875","title":{"rendered":"Fethiyeli dalg\u0131\u00e7lardan deniz alt\u0131nda Anneler G\u00fcn\u00fc kutlamas\u0131"},"content":{"rendered":"<p>Mu\u011fla\u2019n\u0131n Fethiye il\u00e7esinde denizde 5 metre derinli\u011fe dalan dalg\u0131\u00e7lar, t\u00fcm annelerin Anneler G\u00fcn\u00fc\u2019n\u00fc haz\u0131rlad\u0131klar\u0131 mizansen ile kutlad\u0131.<br \/>\n<br \/>Sosyal sorumluluk ve fark\u0131ndal\u0131k etkinlikleri ile ad\u0131ndan s\u00f6z ettiren Fethiyeli dalg\u0131\u00e7lar\u0131n son etkinli\u011fi ise Anneler G\u00fcn\u00fc\u2019nde oldu. Bir araya gelen Niky Grey, \u00d6nder Dikta\u015f, Alperen Beyaz ve Furkan H\u00fcnd\u00fcr isimli dalg\u0131\u00e7lar, 5 metre derinlikte Anneler G\u00fcn\u00fc\u2019ne \u00f6zel \u00e7ekim yapt\u0131. Haz\u0131rlad\u0131klar\u0131 mizansen ile e\u011flenceli bir kutlama mesaj\u0131 veren dalg\u0131\u00e7lar, suyun alt\u0131nda &#8220;T\u00fcm annelerimizin Anneler G\u00fcn\u00fc kutlu olsun&#8221; yaz\u0131l\u0131 afi\u015f a\u00e7t\u0131.<br \/>\n<br \/>Dalyan Koyu\u2019nda ger\u00e7ekle\u015ftirdikleri etkinlikle annelerin hayata olan dokunu\u015flar\u0131na dikkat \u00e7eken dalg\u0131\u00e7lar, suyun alt\u0131nda temsili olarak anne rol\u00fcndeki bir ba\u015fka dalg\u0131c\u0131n elini \u00f6p\u00fcp, hediye verdi. Konu ile ilgili yap\u0131lan a\u00e7\u0131klamada, &#8220;Anneler G\u00fcn\u00fc i\u00e7in \u00f6zel bir \u00e7ekim yapt\u0131k. Biraz da e\u011flenceli olmas\u0131 i\u00e7in k\u00fc\u00e7\u00fck bir canland\u0131rma ger\u00e7ekle\u015ftirdik. Fethiye\u2019deki dal\u0131\u015f merkezi olarak t\u00fcm annelerimizin g\u00fcn\u00fcn\u00fc kutluyoruz. \u0130yi ki varlar&#8221; ifadeleri yer ald\u0131.<br \/><\/p>\n","protected":false},"excerpt":{"rendered":"<p>Mu\u011fla\u2019n\u0131n Fethiye il\u00e7esinde denizde 5 metre derinli\u011fe dalan dalg\u0131\u00e7lar, t\u00fcm annelerin Anneler G\u00fcn\u00fc\u2019n\u00fc haz\u0131rlad\u0131klar\u0131 mizansen ile kutlad\u0131. Sosyal sorumluluk ve fark\u0131ndal\u0131k etkinlikleri ile ad\u0131ndan s\u00f6z ettiren Fethiyeli dalg\u0131\u00e7lar\u0131n son etkinli\u011fi ise Anneler G\u00fcn\u00fc\u2019nde oldu. Bir araya gelen Niky Grey, \u00d6nder Dikta\u015f, Alperen Beyaz ve Furkan H\u00fcnd\u00fcr isimli dalg\u0131\u00e7lar, 5 metre derinlikte Anneler G\u00fcn\u00fc\u2019ne \u00f6zel \u00e7ekim&#8230;<\/p>\n","protected":false},"author":1,"featured_media":27876,"comment_status":"open","ping_status":"open","sticky":false,"template":"","format":"standard","meta":{"_crdt_document":"","footnotes":""},"categories":[1],"tags":[],"class_list":["post-27875","post","type-post","status-publish","format-standard","has-post-thumbnail","hentry","category-guncel"],"_links":{"self":[{"href":"https:\/\/www.egemtv.com\/index.php?rest_route=\/wp\/v2\/posts\/27875","targetHints":{"allow":["GET"]}}],"collection":[{"href":"https:\/\/www.egemtv.com\/index.php?rest_route=\/wp\/v2\/posts"}],"about":[{"href":"https:\/\/www.egemtv.com\/index.php?rest_route=\/wp\/v2\/types\/post"}],"author":[{"embeddable":true,"href":"https:\/\/www.egemtv.com\/index.php?rest_route=\/wp\/v2\/users\/1"}],"replies":[{"embeddable":true,"href":"https:\/\/www.egemtv.com\/index.php?rest_route=%2Fwp%2Fv2%2Fcomments&post=27875"}],"version-history":[{"count":1,"href":"https:\/\/www.egemtv.com\/index.php?rest_route=\/wp\/v2\/posts\/27875\/revisions"}],"predecessor-version":[{"id":27877,"href":"https:\/\/www.egemtv.com\/index.php?rest_route=\/wp\/v2\/posts\/27875\/revisions\/27877"}],"wp:featuredmedia":[{"embeddable":true,"href":"https:\/\/www.egemtv.com\/index.php?rest_route=\/wp\/v2\/media\/27876"}],"wp:attachment":[{"href":"https:\/\/www.egemtv.com\/index.php?rest_route=%2Fwp%2Fv2%2Fmedia&parent=27875"}],"wp:term":[{"taxonomy":"category","embeddable":true,"href":"https:\/\/www.egemtv.com\/index.php?rest_route=%2Fwp%2Fv2%2Fcategories&post=27875"},{"taxonomy":"post_tag","embeddable":true,"href":"https:\/\/www.egemtv.com\/index.php?rest_route=%2Fwp%2Fv2%2Ftags&post=27875"}],"curies":[{"name":"wp","href":"https:\/\/api.w.org\/{rel}","templated":true}]}}