{"id":27872,"date":"2025-05-11T12:36:58","date_gmt":"2025-05-11T09:36:58","guid":{"rendered":"https:\/\/www.egemtv.com\/?p=27872"},"modified":"2025-05-11T12:37:03","modified_gmt":"2025-05-11T09:37:03","slug":"baskan-kiyiskan-ve-yonetiminden-sehit-annelerine-anlamli-ziyaret","status":"publish","type":"post","link":"https:\/\/www.egemtv.com\/?p=27872","title":{"rendered":"Ba\u015fkan K\u0131y\u0131\u015fkan ve y\u00f6netiminden \u015fehit annelerine anlaml\u0131 ziyaret"},"content":{"rendered":"<p>T\u00fcrkiye Harp Malul\u00fc Gaziler \u015eehit Dul ve Yetimleri Derne\u011fi Manisa \u015eube Ba\u015fkan\u0131 Yusuf K\u0131y\u0131\u015fkan ile derne\u011fin Turgutlu, Akhisar ve Salihli temsilcileri Anneler G\u00fcn\u00fc dolay\u0131s\u0131yla \u015fehit annelerini ve e\u015flerini ziyaret etti.<br \/>\n<br \/>T\u00fcrkiye Harp Malul\u00fc Gaziler \u015eehit Dul ve Yetimleri Derne\u011fi Manisa \u015eube Ba\u015fkan\u0131 Yusuf K\u0131y\u0131\u015fkan ile derne\u011fin Turgutlu, Akhisar ve Salihli temsilcileri Anneler G\u00fcn\u00fc dolay\u0131s\u0131yla Manisa\u2019daki \u015fehit anneleri ve e\u015flerini ziyaret etti. \u015eehit annelerinin ellerini \u00f6pen \u015fehit e\u015flerine de hal hat\u0131r soran dernek y\u00f6netimi, \u015fehit ailelerinin istek ve ihtiya\u00e7lar\u0131n\u0131 not alarak en k\u0131sa s\u00fcrede gere\u011fin yap\u0131laca\u011f\u0131 s\u00f6z\u00fcn\u00fc verdi. Ziyaretlerle ilgili konu\u015fan Ba\u015fkan K\u0131y\u0131\u015fkan, &#8220;Bug\u00fcn, T\u00fcrkiye Harp Malul\u00fc Gaziler \u015eehit Dul ve Yetimleri Derne\u011fi Manisa \u015eubesi olarak; Turgutlu, Akhisar ve Salihli Temsilciliklerimizle birlikte, kutsal vatan topraklar\u0131 u\u011fruna canlar\u0131n\u0131 feda eden aziz \u015fehitlerimizin k\u0131ymetli annelerini, fedak\u00e2r e\u015flerini ve kahraman gazilerimizin cefak\u00e2r e\u015flerini ziyaret ederek Anneler G\u00fcn\u00fc\u2019n\u00fc kutlaman\u0131n onurunu ve sorumlulu\u011funu ta\u015f\u0131d\u0131k. Bu ziyaretler, sadece bir tebess\u00fcm, bir \u00e7i\u00e7ek ya da bir kutlama de\u011fil; y\u00fcre\u011fimizde ta\u015f\u0131d\u0131\u011f\u0131m\u0131z minnetin, sayg\u0131n\u0131n ve vefan\u0131n bir yans\u0131mas\u0131d\u0131r. Her biri ac\u0131y\u0131 sabra, \u00f6zlemi duaya d\u00f6n\u00fc\u015ft\u00fcrm\u00fc\u015f annelerimizin g\u00f6zlerinde; bir evlad\u0131n yoklu\u011funa ra\u011fmen dimdik duran birer kahraman g\u00f6r\u00fcyoruz. Onlar ki; evlad\u0131n\u0131 vatan i\u00e7in topra\u011fa vermi\u015f ama vatan\u0131na k\u00fcsmeden, dua etmeye devam etmi\u015f analard\u0131r. \u015eehitlerimizin ve gazilerimizin k\u0131ymetli e\u015fleri ise, hayat\u0131n en zor y\u00fck\u00fcn\u00fc sevgiyle omuzlam\u0131\u015f, e\u015flerinin hat\u0131ras\u0131na ve miras\u0131na sahip \u00e7\u0131km\u0131\u015f vefak\u00e2r y\u00fcreklerdir. Onlar\u0131n sabr\u0131, inanc\u0131 ve dik duru\u015fu bizlere g\u00fc\u00e7, milletimize umut vermektedir. Bizler, bu b\u00fcy\u00fck ailenin birer ferdi olarak biliyoruz ki; \u015fehitlerimizin emanetleri bizim de emanetimizdir. Her f\u0131rsatta kap\u0131lar\u0131n\u0131 \u00e7almak, hal hat\u0131r sormak, bir nebze olsun g\u00f6n\u00fcllerine dokunmak, bizim en kutsal g\u00f6revlerimizden biridir. Bu vesileyle ba\u015fta \u015fehit annelerimiz ve e\u015fleri olmak \u00fczere, y\u00fcre\u011fi evlat sevgisiyle \u00e7arpan, kalbi memleket sevgisiyle dolu t\u00fcm annelerimizin Anneler G\u00fcn\u00fc\u2019n\u00fc en kalbi duygular\u0131mla kutluyorum. Rabbim, ba\u015fta \u015fehit ve gazi anneleri olmak \u00fczere t\u00fcm annelerimize sa\u011fl\u0131kl\u0131, huzurlu \u00f6m\u00fcrler nasip etsin. Sizler bizim ba\u015f\u0131m\u0131z\u0131n tac\u0131, dualar\u0131m\u0131z\u0131n en k\u0131ymetli yerindesiniz. Biz \u00e7ok \u00f6zel ve g\u00fczel bir aileyiz. Her zaman bir ve beraber olmaya, bu vatan i\u00e7in omuz omuza y\u00fcr\u00fcmeye devam edece\u011fiz&#8221; dedi.<br \/><\/p>\n","protected":false},"excerpt":{"rendered":"<p>T\u00fcrkiye Harp Malul\u00fc Gaziler \u015eehit Dul ve Yetimleri Derne\u011fi Manisa \u015eube Ba\u015fkan\u0131 Yusuf K\u0131y\u0131\u015fkan ile derne\u011fin Turgutlu, Akhisar ve Salihli temsilcileri Anneler G\u00fcn\u00fc dolay\u0131s\u0131yla \u015fehit annelerini ve e\u015flerini ziyaret etti. T\u00fcrkiye Harp Malul\u00fc Gaziler \u015eehit Dul ve Yetimleri Derne\u011fi Manisa \u015eube Ba\u015fkan\u0131 Yusuf K\u0131y\u0131\u015fkan ile derne\u011fin Turgutlu, Akhisar ve Salihli temsilcileri Anneler G\u00fcn\u00fc dolay\u0131s\u0131yla Manisa\u2019daki&#8230;<\/p>\n","protected":false},"author":1,"featured_media":27873,"comment_status":"open","ping_status":"open","sticky":false,"template":"","format":"standard","meta":{"_crdt_document":"","footnotes":""},"categories":[123],"tags":[],"class_list":["post-27872","post","type-post","status-publish","format-standard","has-post-thumbnail","hentry","category-gundem"],"_links":{"self":[{"href":"https:\/\/www.egemtv.com\/index.php?rest_route=\/wp\/v2\/posts\/27872","targetHints":{"allow":["GET"]}}],"collection":[{"href":"https:\/\/www.egemtv.com\/index.php?rest_route=\/wp\/v2\/posts"}],"about":[{"href":"https:\/\/www.egemtv.com\/index.php?rest_route=\/wp\/v2\/types\/post"}],"author":[{"embeddable":true,"href":"https:\/\/www.egemtv.com\/index.php?rest_route=\/wp\/v2\/users\/1"}],"replies":[{"embeddable":true,"href":"https:\/\/www.egemtv.com\/index.php?rest_route=%2Fwp%2Fv2%2Fcomments&post=27872"}],"version-history":[{"count":1,"href":"https:\/\/www.egemtv.com\/index.php?rest_route=\/wp\/v2\/posts\/27872\/revisions"}],"predecessor-version":[{"id":27874,"href":"https:\/\/www.egemtv.com\/index.php?rest_route=\/wp\/v2\/posts\/27872\/revisions\/27874"}],"wp:featuredmedia":[{"embeddable":true,"href":"https:\/\/www.egemtv.com\/index.php?rest_route=\/wp\/v2\/media\/27873"}],"wp:attachment":[{"href":"https:\/\/www.egemtv.com\/index.php?rest_route=%2Fwp%2Fv2%2Fmedia&parent=27872"}],"wp:term":[{"taxonomy":"category","embeddable":true,"href":"https:\/\/www.egemtv.com\/index.php?rest_route=%2Fwp%2Fv2%2Fcategories&post=27872"},{"taxonomy":"post_tag","embeddable":true,"href":"https:\/\/www.egemtv.com\/index.php?rest_route=%2Fwp%2Fv2%2Ftags&post=27872"}],"curies":[{"name":"wp","href":"https:\/\/api.w.org\/{rel}","templated":true}]}}