{"id":27869,"date":"2025-05-11T12:36:53","date_gmt":"2025-05-11T09:36:53","guid":{"rendered":"https:\/\/www.egemtv.com\/?p=27869"},"modified":"2025-05-11T12:36:57","modified_gmt":"2025-05-11T09:36:57","slug":"akdenizin-suyu-bu-yil-24-kez-ege-denizi-ile-bulusuyor","status":"publish","type":"post","link":"https:\/\/www.egemtv.com\/?p=27869","title":{"rendered":"Akdeniz\u2019in suyu bu y\u0131l 24. kez Ege Denizi ile bulu\u015fuyor"},"content":{"rendered":"<p>Mu\u011fla\u2019n\u0131n Dat\u00e7a il\u00e7esinde geleneksel hale gelen etkinlik \u00e7er\u00e7evesinde Akdeniz\u2019den al\u0131nan ve testilerle ta\u015f\u0131nan deniz suyu, bu y\u0131l 24. kez Ege Denizi ile bulu\u015facak.<br \/>\n<br \/>Ege ile Akdeniz\u2019in birle\u015fme noktas\u0131 olan Mu\u011fla\u2019n\u0131n Dat\u00e7a il\u00e7esinde su testilerine doldurulan ve Akdeniz\u2019den Ege\u2019ye sembolik olarak ta\u015f\u0131nan deniz suyu, Ege Denizi\u2019ne d\u00f6k\u00fclecek. Dat\u00e7a \u00c7evre ve Turizm Derne\u011fi\u2019nin (DA\u00c7EV) giri\u015fimi, Dat\u00e7a Kaymakaml\u0131\u011f\u0131 ve Dat\u00e7a Belediyesi\u2019nin katk\u0131lar\u0131 ile her y\u0131l d\u00fczenlenen geleneksel Akdeniz\u2019den Ege\u2019ye Dostluk ve Do\u011fa Y\u00fcr\u00fcy\u00fc\u015f\u00fc\u2019n\u00fcn bu y\u0131l 24.\u2019s\u00fc ger\u00e7ekle\u015ftirildi. Sabah saatlerinde Cumhuriyet Meydan\u0131\u2019nda toplan\u0131lmas\u0131n\u0131n ard\u0131ndan ba\u015flayan t\u00f6rende Ege Denizi\u2019ne g\u00f6t\u00fcr\u00fclmek \u00fczere \u00c7atalma\u011fara \u00f6n\u00fcnden Dat\u00e7a testilerine Akdeniz suyu dolduruldu. Dat\u00e7a Kaymakam\u0131 Murat At\u0131c\u0131 ve D\u00fczenleme Komitesi taraf\u0131ndan testilere doldurulan Akdeniz\u2019in suyu, belirlenen g\u00fczergah \u00fczerinden G\u00f6kova k\u00f6rfezi k\u0131y\u0131s\u0131ndaki Gereme koyunda bulunan Kat\u0131yal\u0131 mevkisine ula\u015ft\u0131rmak \u00fczere davul zurna e\u015fli\u011finde yola \u00e7\u0131kar\u0131ld\u0131. Testilere doldurulan sular, y\u00fcr\u00fcy\u00fc\u015f\u00fcn ikinci etab\u0131 olan Gereme koyu Kat\u0131yal\u0131 mevkisinde Ege Denizi\u2019ne d\u00f6k\u00fclecek.<\/p>\n<p>&#8220;\u0130n\u015fallah \u00e7ocuklar\u0131m\u0131z torunlar\u0131m\u0131z devam ettirir&#8221;<br \/>\n<br \/>T\u00f6renin a\u00e7\u0131l\u0131\u015f\u0131nda k\u0131sa bir konu\u015fma yapan Dat\u00e7a Kaymakam\u0131 Murat At\u0131c\u0131, etkinlikten duydu\u011fu heyecan\u0131 da dile getirerek, &#8220;Ege ile Akdeniz\u2019in bulu\u015fma yeri olan Dat\u00e7a\u2019m\u0131zda bug\u00fcn farkl\u0131 bir etkinlik yap\u0131yoruz. Tabi y\u0131llard\u0131r s\u00fcregelen ve geleneksel hale gelmi\u015f olan testiyle Akdeniz\u2019den \u00e7ekti\u011fimiz suyu y\u00fcr\u00fcyerek Ege Denizi\u2019ne d\u00f6kmeye g\u00f6t\u00fcr\u00fcyoruz. Yar\u0131m saat i\u00e7erisinde Akdeniz ile Ege\u2019nin sular\u0131n\u0131 bulu\u015fturabiliyoruz. \u00c7ok b\u00fcy\u00fck bir tevecc\u00fch var, genelde bunu bahar aylar\u0131nda yap\u0131yoruz. Geleneksel hale geldi hatta bunun tarih \u00f6ncesinde de 700-800 y\u0131l \u00f6nce yap\u0131ld\u0131\u011f\u0131ndan bahsedilen yaz\u0131tlar\u0131n oldu\u011fu s\u00f6yleniyor. \u0130n\u015fallah bahar, huzur getirir&#8221; dedi.<br \/><\/p>\n","protected":false},"excerpt":{"rendered":"<p>Mu\u011fla\u2019n\u0131n Dat\u00e7a il\u00e7esinde geleneksel hale gelen etkinlik \u00e7er\u00e7evesinde Akdeniz\u2019den al\u0131nan ve testilerle ta\u015f\u0131nan deniz suyu, bu y\u0131l 24. kez Ege Denizi ile bulu\u015facak. Ege ile Akdeniz\u2019in birle\u015fme noktas\u0131 olan Mu\u011fla\u2019n\u0131n Dat\u00e7a il\u00e7esinde su testilerine doldurulan ve Akdeniz\u2019den Ege\u2019ye sembolik olarak ta\u015f\u0131nan deniz suyu, Ege Denizi\u2019ne d\u00f6k\u00fclecek. Dat\u00e7a \u00c7evre ve Turizm Derne\u011fi\u2019nin (DA\u00c7EV) giri\u015fimi, Dat\u00e7a Kaymakaml\u0131\u011f\u0131&#8230;<\/p>\n","protected":false},"author":1,"featured_media":27870,"comment_status":"open","ping_status":"open","sticky":false,"template":"","format":"standard","meta":{"_crdt_document":"","footnotes":""},"categories":[1],"tags":[],"class_list":["post-27869","post","type-post","status-publish","format-standard","has-post-thumbnail","hentry","category-guncel"],"_links":{"self":[{"href":"https:\/\/www.egemtv.com\/index.php?rest_route=\/wp\/v2\/posts\/27869","targetHints":{"allow":["GET"]}}],"collection":[{"href":"https:\/\/www.egemtv.com\/index.php?rest_route=\/wp\/v2\/posts"}],"about":[{"href":"https:\/\/www.egemtv.com\/index.php?rest_route=\/wp\/v2\/types\/post"}],"author":[{"embeddable":true,"href":"https:\/\/www.egemtv.com\/index.php?rest_route=\/wp\/v2\/users\/1"}],"replies":[{"embeddable":true,"href":"https:\/\/www.egemtv.com\/index.php?rest_route=%2Fwp%2Fv2%2Fcomments&post=27869"}],"version-history":[{"count":1,"href":"https:\/\/www.egemtv.com\/index.php?rest_route=\/wp\/v2\/posts\/27869\/revisions"}],"predecessor-version":[{"id":27871,"href":"https:\/\/www.egemtv.com\/index.php?rest_route=\/wp\/v2\/posts\/27869\/revisions\/27871"}],"wp:featuredmedia":[{"embeddable":true,"href":"https:\/\/www.egemtv.com\/index.php?rest_route=\/wp\/v2\/media\/27870"}],"wp:attachment":[{"href":"https:\/\/www.egemtv.com\/index.php?rest_route=%2Fwp%2Fv2%2Fmedia&parent=27869"}],"wp:term":[{"taxonomy":"category","embeddable":true,"href":"https:\/\/www.egemtv.com\/index.php?rest_route=%2Fwp%2Fv2%2Fcategories&post=27869"},{"taxonomy":"post_tag","embeddable":true,"href":"https:\/\/www.egemtv.com\/index.php?rest_route=%2Fwp%2Fv2%2Ftags&post=27869"}],"curies":[{"name":"wp","href":"https:\/\/api.w.org\/{rel}","templated":true}]}}