{"id":27866,"date":"2025-05-11T12:36:48","date_gmt":"2025-05-11T09:36:48","guid":{"rendered":"https:\/\/www.egemtv.com\/?p=27866"},"modified":"2025-05-11T12:36:53","modified_gmt":"2025-05-11T09:36:53","slug":"sehit-annelerine-anlamli-zziyaret","status":"publish","type":"post","link":"https:\/\/www.egemtv.com\/?p=27866","title":{"rendered":"\u015eehit annelerine anlaml\u0131 zziyaret"},"content":{"rendered":"<p>T\u00fcrkiye Harp Malul\u00fc Gaziler \u015eehit Dul ve Yetimleri Derne\u011fi Manisa \u015eubesi, Anneler G\u00fcn\u00fc dolay\u0131s\u0131yla anlaml\u0131 bir etkinli\u011fe imza att\u0131. Turgutlu, Akhisar ve Salihli temsilcilikleriyle birlikte hareket eden dernek \u00fcyeleri, vatan u\u011fruna canlar\u0131n\u0131 feda eden \u015fehitlerin anneleri ve e\u015fleri ile kahraman gazilerin fedak\u00e2r e\u015flerini ziyaret etti.<br \/>\n<br \/>Manisa\u2019da ger\u00e7ekle\u015ftirilen ziyaretlerde, \u015fehit ailelerinin kap\u0131lar\u0131 tek tek \u00e7al\u0131nd\u0131. Dernek Ba\u015fkan\u0131 Gazi Yusuf K\u0131y\u0131\u015fkan \u00f6nc\u00fcl\u00fc\u011f\u00fcnde d\u00fczenlenen etkinlikte, annelerin elleri \u00f6p\u00fcld\u00fc, g\u00f6n\u00fcllerine dokunuldu. Ziyaretlerin bir kutlamadan \u00f6te, derin bir vefa ve minnet duygusuyla yap\u0131ld\u0131\u011f\u0131n\u0131 vurgulayan Ba\u015fkan K\u0131y\u0131\u015fkan, &#8220;Bu ziyaretler, sadece bir tebess\u00fcm ya da bir \u00e7i\u00e7ek de\u011fil; y\u00fcre\u011fimizde ta\u015f\u0131d\u0131\u011f\u0131m\u0131z vefan\u0131n bir ifadesidir,&#8221; dedi.<\/p>\n<p>&#8220;Onlar kahramanl\u0131k destan\u0131n\u0131n sessiz kahramanlar\u0131d\u0131r&#8221;<br \/>\n<br \/>Ziyaret s\u0131ras\u0131nda a\u00e7\u0131klamalarda bulunan K\u0131y\u0131\u015fkan, \u015fehit annelerinin ve e\u015flerinin her birinin birer kahraman oldu\u011funu ifade ederek, &#8220;Evlad\u0131n\u0131 vatan topra\u011f\u0131na emanet etmi\u015f ama vatan\u0131na k\u00fcsmeden dua etmeye devam etmi\u015f analar\u0131m\u0131z bizim ba\u015f tac\u0131m\u0131zd\u0131r. \u015eehitlerimizin ve gazilerimizin k\u0131ymetli e\u015fleri ise bu mirasa canla ba\u015fla sahip \u00e7\u0131kan y\u00fcreklerdir. Onlar\u0131n dik duru\u015fu milletimize umut vermektedir,&#8221; diye konu\u015ftu.<\/p>\n<p>&#8220;Biz b\u00fcy\u00fck bir aileyiz&#8221;<br \/>\n<br \/>K\u0131y\u0131\u015fkan, dernek olarak her zaman \u015fehit yak\u0131nlar\u0131n\u0131n yan\u0131nda olduklar\u0131n\u0131 vurgulayarak, &#8220;\u015eehitlerimizin emanetleri bizim de emanetimizdir. Her f\u0131rsatta kap\u0131lar\u0131n\u0131 \u00e7almak, g\u00f6n\u00fcllerine dokunmak bizim en kutsal g\u00f6revlerimizden biridir. Biz \u00e7ok \u00f6zel ve g\u00fczel bir aileyiz. Her zaman omuz omuza y\u00fcr\u00fcmeye devam edece\u011fiz,&#8221; dedi.<br \/>\n<br \/>Ba\u015fta \u015fehit anneleri ve e\u015fleri olmak \u00fczere t\u00fcm annelerin Anneler G\u00fcn\u00fc\u2019n\u00fc kutlayan K\u0131y\u0131\u015fkan, &#8220;Rabbim t\u00fcm annelerimize sa\u011fl\u0131k ve huzur dolu bir \u00f6m\u00fcr nasip etsin,&#8221; temennisinde bulundu.<br \/>\n<br \/>Ziyaret edilen aileler ise yap\u0131lan bu anlaml\u0131 jestten dolay\u0131 duyduklar\u0131 memnuniyeti dile getirerek, dernek yetkililerine te\u015fekk\u00fcr etti.<br \/><\/p>\n","protected":false},"excerpt":{"rendered":"<p>T\u00fcrkiye Harp Malul\u00fc Gaziler \u015eehit Dul ve Yetimleri Derne\u011fi Manisa \u015eubesi, Anneler G\u00fcn\u00fc dolay\u0131s\u0131yla anlaml\u0131 bir etkinli\u011fe imza att\u0131. Turgutlu, Akhisar ve Salihli temsilcilikleriyle birlikte hareket eden dernek \u00fcyeleri, vatan u\u011fruna canlar\u0131n\u0131 feda eden \u015fehitlerin anneleri ve e\u015fleri ile kahraman gazilerin fedak\u00e2r e\u015flerini ziyaret etti. Manisa\u2019da ger\u00e7ekle\u015ftirilen ziyaretlerde, \u015fehit ailelerinin kap\u0131lar\u0131 tek tek \u00e7al\u0131nd\u0131. Dernek&#8230;<\/p>\n","protected":false},"author":1,"featured_media":27867,"comment_status":"open","ping_status":"open","sticky":false,"template":"","format":"standard","meta":{"_crdt_document":"","footnotes":""},"categories":[123],"tags":[],"class_list":["post-27866","post","type-post","status-publish","format-standard","has-post-thumbnail","hentry","category-gundem"],"_links":{"self":[{"href":"https:\/\/www.egemtv.com\/index.php?rest_route=\/wp\/v2\/posts\/27866","targetHints":{"allow":["GET"]}}],"collection":[{"href":"https:\/\/www.egemtv.com\/index.php?rest_route=\/wp\/v2\/posts"}],"about":[{"href":"https:\/\/www.egemtv.com\/index.php?rest_route=\/wp\/v2\/types\/post"}],"author":[{"embeddable":true,"href":"https:\/\/www.egemtv.com\/index.php?rest_route=\/wp\/v2\/users\/1"}],"replies":[{"embeddable":true,"href":"https:\/\/www.egemtv.com\/index.php?rest_route=%2Fwp%2Fv2%2Fcomments&post=27866"}],"version-history":[{"count":1,"href":"https:\/\/www.egemtv.com\/index.php?rest_route=\/wp\/v2\/posts\/27866\/revisions"}],"predecessor-version":[{"id":27868,"href":"https:\/\/www.egemtv.com\/index.php?rest_route=\/wp\/v2\/posts\/27866\/revisions\/27868"}],"wp:featuredmedia":[{"embeddable":true,"href":"https:\/\/www.egemtv.com\/index.php?rest_route=\/wp\/v2\/media\/27867"}],"wp:attachment":[{"href":"https:\/\/www.egemtv.com\/index.php?rest_route=%2Fwp%2Fv2%2Fmedia&parent=27866"}],"wp:term":[{"taxonomy":"category","embeddable":true,"href":"https:\/\/www.egemtv.com\/index.php?rest_route=%2Fwp%2Fv2%2Fcategories&post=27866"},{"taxonomy":"post_tag","embeddable":true,"href":"https:\/\/www.egemtv.com\/index.php?rest_route=%2Fwp%2Fv2%2Ftags&post=27866"}],"curies":[{"name":"wp","href":"https:\/\/api.w.org\/{rel}","templated":true}]}}